{"id":654,"date":"2015-10-09T09:49:00","date_gmt":"2015-10-09T09:49:00","guid":{"rendered":"https:\/\/www.ercankarakas.com\/?p=654"},"modified":"2025-07-07T13:17:35","modified_gmt":"2025-07-07T13:17:35","slug":"ozgur-ozerk-ve-ozgun-sanat","status":"publish","type":"post","link":"http:\/\/www.ercankarakas.com\/?p=654","title":{"rendered":"\u00d6zg\u00fcr, \u00f6zerk ve \u00f6zg\u00fcn sanat"},"content":{"rendered":"\n<p>K\u00fclt\u00fcr-sanat d\u00fcnyam\u0131z\u0131n temel sorunlar\u0131 aras\u0131nda, ifade \u00f6zg\u00fcrl\u00fc\u011f\u00fcn\u00fcn tehdit alt\u0131nda olmas\u0131n\u0131, k\u00fclt\u00fcr miras\u0131m\u0131z\u0131n ranta kurban edilmesini, sanat alan\u0131na verilen desteklerin objektif kriterlerden uzak bi\u00e7imde verilmesini ve sanat d\u00fcnyam\u0131z\u0131 tam anlam\u0131yla siyasi iktidar\u0131n denetimi alt\u0131na sokacak T\u00dcSAK yasas\u0131n\u0131n g\u00fcndemde olmas\u0131n\u0131 sayabiliriz.<\/p>\n\n\n\n<p>Sanat politikam\u0131z\u0131n mottosu &#8220;<strong>\u00d6zg\u00fcr, \u00d6zerk ve \u00d6zg\u00fcn Sanat<\/strong>&#8220;t\u0131r. Sanat\u00e7\u0131n\u0131n \u00f6zg\u00fcn yap\u0131tlar verebilmesi i\u00e7in \u00f6zg\u00fcrl\u00fck \u00f6nemlidir. \u00d6zg\u00fcrl\u00fck ise, \u00f6zerklikle g\u00fcvence alt\u0131na al\u0131nabilir. Yani, sanat\u00e7\u0131lara sa\u011flanacak desteklerin \u00f6zerk bir kurumca y\u00f6nlendirilmesi, devletin sanat kurumlar\u0131n\u0131n ger\u00e7ek bir \u00f6zerkli\u011fe kavu\u015fturulmas\u0131 gerekir. \u0130fade \u00f6zg\u00fcrl\u00fc\u011f\u00fcn\u00fcn ve k\u00fclt\u00fcrel \u00e7o\u011fulculu\u011fun g\u00fcvencesi sanat kurumlar\u0131n\u0131n \u00f6zerkli\u011fidir.\u00a0<\/p>\n\n\n\n<p>K\u00fclt\u00fcr ve sanata ula\u015fman\u0131n bir insan hakk\u0131 oldu\u011fu ger\u00e7e\u011finden hareketle, herkesin k\u00fclt\u00fcr-sanat etkinliklerinden yararlanabilmesi, bu etkinliklere aktif bi\u00e7imde kat\u0131labilmesi i\u00e7in \u00f6nlemler almak gerekir. Kamu, sanat kurumlar\u0131 arac\u0131l\u0131\u011f\u0131 ile herkesin kolayl\u0131kla bu etkinliklerden yararlanabilmesi i\u00e7in gereken deste\u011fi sa\u011flamal\u0131d\u0131r. Sanat\u0131n, yaln\u0131zca y\u00fcksek gelir gruplar\u0131ndaki insanlar\u0131n yaralanabilece\u011fi l\u00fcks bir t\u00fcketim arac\u0131 olmas\u0131ndan, sanat\u00e7\u0131lar\u0131n \u2018Pazar mekanizmalar\u0131na\u2019 teslim edilmesinden yana de\u011filiz.&nbsp;<\/p>\n\n\n\n<p>\u00dclkemizde, sanat\u00e7\u0131lar\u0131n sosyal haklar a\u00e7\u0131s\u0131ndan Avrupa Birli\u011fi \u00f6l\u00e7\u00fclerine kavu\u015fturulmas\u0131 gerekir. Sendikala\u015fman\u0131n \u00f6zendirilmesi, sanat\u00e7\u0131lar i\u00e7in \u00f6zel i\u015fsizlik sigortas\u0131 yasas\u0131 \u00e7\u0131kart\u0131lmas\u0131, k\u00fclt\u00fcr-sanat emek\u00e7ilerinin emeklilik ko\u015fullar\u0131n\u0131n yeniden d\u00fczenlenmesi, ya\u015famlar\u0131n\u0131n ileri evrelerini sa\u011fl\u0131kl\u0131 ve g\u00fcvence i\u00e7inde tamamlamalar\u0131n\u0131n sa\u011flanmas\u0131 hedeflerimiz aras\u0131ndad\u0131r. Sanat emek\u00e7ilerinin sigorta primlerinin K\u00fclt\u00fcr Bakanl\u0131\u011f\u0131 taraf\u0131ndan \u00f6denmesini sa\u011flanmal\u0131d\u0131r. K\u00fclt\u00fcr-sanat\u0131n, t\u0131pk\u0131 sa\u011fl\u0131k gibi, e\u011fitim gibi kamusal bir hizmet oldu\u011funa inan\u0131yoruz. Bu nedenle, k\u00fclt\u00fcr-sanat alan\u0131na genel b\u00fct\u00e7eden ayr\u0131lan pay\u0131n y\u00fckseltilmesini hedefliyoruz. \u0130lk a\u015famada, K\u00fclt\u00fcr&#8217;\u00fc Turizm Bakanl\u0131\u011f\u0131&#8217;ndan ay\u0131rarak ba\u011f\u0131ms\u0131z bir bakanl\u0131k haline getirilmelidir.<\/p>\n\n\n\n<p>CHP, yurtta\u015flar\u0131n k\u00fclt\u00fcrel ya\u015famlar\u0131n\u0131 ve k\u00fclt\u00fcrel etkinliklere kat\u0131lma haklar\u0131n\u0131 devletin g\u00fcvence alt\u0131na almas\u0131 gereken bir \u00f6zg\u00fcrl\u00fck alan\u0131 olarak tan\u0131mlamaktad\u0131r.<\/p>\n\n\n\n<p>CHP i\u00e7in, k\u00fclt\u00fcrel haklar da siyasal, ekonomik ve sosyal haklar kadar \u00f6nemlidir. T\u00fcrkiye\u2019deki k\u00fclt\u00fcrel ortam\u0131n \u0130nsan Haklar\u0131 S\u00f6zle\u015fmesi\u2019nde de a\u00e7\u0131k bir dilde ifade edilen \u00f6zg\u00fcrl\u00fck\u00e7\u00fc, \u00e7o\u011fulcu ve kat\u0131l\u0131mc\u0131 \u015fekillerde devam ettirilmesi i\u00e7in olu\u015fturulacak politikalar\u0131n nemini benimsemi\u015ftir. CHP, her bireyin k\u00fclt\u00fcrel, edebi ve sanatsal \u00fcr\u00fcnlerden kaynaklanan haklar\u0131n\u0131 koruyup geli\u015ftirmeyi hedeflemektedir. CHP, T\u00fcrkiye\u2019de k\u00fclt\u00fcrel \u00e7e\u015fitlili\u011fi canl\u0131 tutan dilleri, inan\u00e7lar\u0131, gelenekleri, sanat\u0131 ve k\u00fclt\u00fcrel miras\u0131 \u00f6zg\u00fcrl\u00fck\u00e7\u00fc demokrasi anlay\u0131\u015f\u0131yla korumay\u0131 ve geli\u015ftirmeyi temek g\u00f6revleri aras\u0131nda g\u00f6rmektedir.<\/p>\n\n\n\n<h2 class=\"wp-block-heading\">YASAL D\u00dcZENLEMELER YAPILACAK<\/h2>\n\n\n\n<p>\u2022 \u201cUNESCO K\u00fclt\u00fcrel \u0130fadelerin \u00c7e\u015fitlili\u011finin Korunmas\u0131 ve Geli\u015ftirilmesi S\u00f6zle\u015fmesi\u201d imzalanacak ve y\u00fcr\u00fcrl\u00fc\u011fe sokulacak.&nbsp;<\/p>\n\n\n\n<p>\u2022 Sanat\u0131n \u00f6zg\u00fcrle\u015fmesinin \u00f6n\u00fcndeki t\u00fcm yasal engelleri kald\u0131rmak, keyfi yasaklara ve sans\u00fcre son vermek amac\u0131yla Sanat Yasas\u0131 olu\u015fturulacak.&nbsp;<\/p>\n\n\n\n<p>\u2022 T\u00dcSAK yasas\u0131 geri \u00e7ekilerek, t\u00fcm sanat dallar\u0131na ve yarat\u0131c\u0131 end\u00fcstrilerine kamu deste\u011fi sa\u011flayacak \u00f6zerk bir Sanat Kurumu, sanat alanlar\u0131n\u0131n temsilcileri ile birlikte kurulacak.&nbsp;<\/p>\n\n\n\n<p>\u2022 Geni\u015f kat\u0131l\u0131m ile T\u00fcrkiye&#8217;nin k\u00fclt\u00fcre ili\u015fkin gelecek hedeflerinin belirlenece\u011fi bir K\u00fclt\u00fcr Strateji Belgesi olu\u015fturulacak.&nbsp;<\/p>\n\n\n\n<p>\u2022 K\u00fclt\u00fcr ve sanata eri\u015fmenin bir insan hakk\u0131 olmas\u0131ndan hareketle, vatanda\u015flar\u0131n sanatsal etkinliklere eri\u015fimini kolayla\u015ft\u0131r\u0131c\u0131 politikalar \u00fcretilecek.&nbsp;<\/p>\n\n\n\n<p>\u2022 Dijital yay\u0131nc\u0131l\u0131\u011f\u0131n geli\u015fmesi i\u00e7in payda\u015flar\u0131n kat\u0131l\u0131m\u0131 ile gereken hukuki d\u00fczenlemeler ve altyap\u0131 \u00e7al\u0131\u015fmalar\u0131 tamamlanacak.&nbsp;<\/p>\n\n\n\n<h2 class=\"wp-block-heading\">KURUMSAL D\u00d6N\u00dc\u015e\u00dcM TAMAMLANACAK<\/h2>\n\n\n\n<p>\u2022 K\u00fclt\u00fcr Bakanl\u0131\u011f\u0131, K\u00fclt\u00fcr ve Turizm Bakanl\u0131\u011f\u0131&#8217;ndan ayr\u0131 bir bakanl\u0131k haline getirilecek. K\u00fclt\u00fcr Bakanl\u0131\u011f\u0131&#8217;n\u0131n genel b\u00fct\u00e7e i\u00e7indeki pay\u0131 y\u00fczde 0.4&#8217;ten y\u00fczde 1&#8217;e y\u00fckseltilecek.&nbsp;<\/p>\n\n\n\n<p>Devlet b\u00fcnyesindeki sanat kurumlar\u0131n\u0131n \u00f6zerkli\u011fi korunacak, siyasi ama\u00e7lar i\u00e7in kullan\u0131lmalar\u0131na engel olunacak.&nbsp;<\/p>\n\n\n\n<p>\u2022 Sanat kurumlar\u0131n\u0131n y\u00f6netimi a\u011f\u0131rl\u0131kl\u0131 olarak sanat\u00e7\u0131lara b\u0131rak\u0131lacak.&nbsp;<\/p>\n\n\n\n<p>\u2022 K\u00fclt\u00fcr merkezlerinin karar mekanizmalar\u0131na kent konseyleri, k\u00fclt\u00fcr ve sanat alan\u0131nda faaliyet g\u00f6steren STK&#8217;lar d\u00e2hil edilecek.&nbsp;<\/p>\n\n\n\n<h2 class=\"wp-block-heading\">SANAT\u00c7ILARA SOSYO-EKONOM\u0130K G\u00dcVENCE VER\u0130LECEK<\/h2>\n\n\n\n<p>\u2022 Sanat\u00e7\u0131lar\u0131m\u0131z\u0131n ve k\u00fclt\u00fcr end\u00fcstrisi emek\u00e7ilerinin sosyal haklar\u0131 yasal g\u00fcvence alt\u0131na al\u0131nacak.&nbsp;<\/p>\n\n\n\n<p>\u2022 Sanat emek\u00e7ilerinin sigorta primlerinin K\u00fclt\u00fcr Bakanl\u0131\u011f\u0131 taraf\u0131ndan \u00f6denmesi sa\u011flanacak.&nbsp;<\/p>\n\n\n\n<p>\u2022 K\u00fclt\u00fcr ve sanat alan\u0131ndaki vergiler asgari d\u00fczeye \u00e7ekilecek.&nbsp;<\/p>\n\n\n\n<p>\u2022 Devlet b\u00fcnyesinde \u00e7al\u0131\u015fan t\u00fcm sanat\u00e7\u0131lar\u0131m\u0131z\u0131n \u00f6zl\u00fck haklar\u0131 ve \u00e7al\u0131\u015fma ko\u015fullar\u0131 iyile\u015ftirilecek.&nbsp;<\/p>\n\n\n\n<p>\u2022 Sanat\u00e7\u0131lar\u0131n sendikal \u00f6rg\u00fctlenmesi te\u015fvik edilecek.&nbsp;<\/p>\n\n\n\n<h2 class=\"wp-block-heading\">G\u00dc\u00c7L\u00dc K\u00dcLT\u00dcR VE SANAT END\u00dcSTR\u0130S\u0130 OLU\u015eTURULACAK<\/h2>\n\n\n\n<p>\u2022 \u0130stihdam yaratan, ekonomik kalk\u0131nmaya katk\u0131 sa\u011flayan yarat\u0131c\u0131 end\u00fcstriler k\u00fclt\u00fcr politikam\u0131z\u0131n merkezine al\u0131nacak.&nbsp;<\/p>\n\n\n\n<p>\u2022 \u00d6zel sanat projeleri ve ba\u011f\u0131ms\u0131z sanat dallar\u0131 desteklenecek ve te\u015fvik edilecek.&nbsp;<\/p>\n\n\n\n<p>\u2022 Ba\u011f\u0131ms\u0131z sanat\u00e7\u0131lar\u0131n g\u00f6sterilerinin halka ula\u015fmas\u0131 sa\u011flanacak.&nbsp;<\/p>\n\n\n\n<p>\u2022 Edebiyat\u0131m\u0131z\u0131n yurt d\u0131\u015f\u0131nda geli\u015fmesi amac\u0131yla<\/p>\n\n\n\n<p>yazarlar\u0131m\u0131za \u00fccretsiz \u00e7eviri ve tan\u0131t\u0131m deste\u011fi verilecek.&nbsp;<\/p>\n\n\n\n<p>\u2022 Fikri m\u00fclkiyetle ilgili mevzuat \u00e7a\u011fda\u015f bir yap\u0131ya kavu\u015fturulacak.&nbsp;<\/p>\n\n\n\n<p>\u2022 Korsan \u00fcr\u00fcnlerle etkin bir m\u00fccadele i\u00e7in gerekli yasal d\u00fczenlemeler yap\u0131lacak.&nbsp;<\/p>\n\n\n\n<h2 class=\"wp-block-heading\">KENTLER, K\u00dcLT\u00dcR VE SANAT ALANLARI OLACAK<\/h2>\n\n\n\n<p>\u2022 T\u00fcm kentlerimiz k\u00fclt\u00fcr ve sanat alanlar\u0131 olarak tasarlanacak ve \u00f6zg\u00fcn kent k\u00fclt\u00fcrlerinin geli\u015fimine yat\u0131r\u0131m yap\u0131lacak.&nbsp;<\/p>\n\n\n\n<p>\u2022 Bu ama\u00e7la t\u00fcm kentlerin k\u00fclt\u00fcr ve sanat ana (master) plan\u0131n\u0131 yap\u0131larak etkin politikalar \u00fcretilecek.&nbsp;<\/p>\n\n\n\n<p>\u2022 B\u00fcy\u00fck\u015fehirlerde Kent Tiyatrolar\u0131 ve Kent Orkestralar\u0131 kurulacak.&nbsp;<\/p>\n\n\n\n<p>. Yerel y\u00f6netimlerle i\u015fbirli\u011fi i\u00e7erisinde, toplu ta\u015f\u0131ma uygulamalar\u0131 k\u00fclt\u00fcr ve sanat etkinliklerine eri\u015fimi kolayla\u015ft\u0131racak \u015fekilde d\u00fczenlenecek.&nbsp;<\/p>\n\n\n\n<p>\u2022 Yerel y\u00f6netimlerin etkin deste\u011fi ile kentlerin her noktas\u0131nda semt k\u00fct\u00fcphaneleri ve tiyatrolar\u0131 kurulacak, sanat kurslar\u0131 d\u00fczenlenecek.&nbsp;<\/p>\n\n\n\n<p>\u2022 Koruma kurullar\u0131 etkin hale getirilecek ve siyasetin etkisinden ba\u011f\u0131ms\u0131z k\u0131l\u0131nacak. K\u00fclt\u00fcrel Miras\u0131m\u0131z\u0131n kent rant\u0131na kurban edilmesinin \u00f6n\u00fcne ge\u00e7ilecek.&nbsp;<\/p>\n\n\n\n<p>\u2022 Maksatl\u0131 olarak kapal\u0131 tutulan \u0130stanbul Atat\u00fcrk K\u00fclt\u00fcr Merkezi (AKM) h\u0131zla onar\u0131larak sanat\u0131n hizmetine sunulacak.&nbsp;<\/p>\n\n\n\n<h2 class=\"wp-block-heading\">M\u00dcZEC\u0130L\u0130K GEL\u0130\u015eT\u0130R\u0130LECEK<\/h2>\n\n\n\n<p>\u2022 \u00c7a\u011fda\u015f m\u00fczecilik geli\u015ftirilecek, k\u00fclt\u00fcrel miras\u0131n ait oldu\u011fu co\u011frafyada korunmas\u0131 ilkesi uygulanacak.&nbsp;<\/p>\n\n\n\n<p>\u2022 M\u00fczelerin y\u00f6netiminin \u00f6zerk bir yap\u0131ya devredilmesi sa\u011flanacak.&nbsp;<\/p>\n\n\n\n<p>\u2022 Sanal m\u00fcze \u00e7al\u0131\u015fmalar\u0131na h\u0131z verilecek.&nbsp;<\/p>\n\n\n\n<p>\u2022 \u00d6zel m\u00fczecili\u011fin geli\u015fmesi i\u00e7in te\u015fvik ve altyap\u0131 olanaklar\u0131 sunulacak.&nbsp;<\/p>\n\n\n\n<p>\u2022 Ya\u015fanm\u0131\u015f ac\u0131 olaylar\u0131n unutulmamas\u0131 i\u00e7in Mad\u0131mak Oteli Ho\u015fg\u00f6r\u00fc M\u00fczesi&#8217;ne, Diyarbak\u0131r Cezaevi Bar\u0131\u015f M\u00fczesi&#8217;ne d\u00f6n\u00fc\u015ft\u00fcr\u00fclecek.&nbsp;<\/p>\n\n\n\n<p>&nbsp;\u2022 Ba\u015fta bilim ve teknoloji alan\u0131nda olmak \u00fczere kentlerde \u00e7ocuklara etkile\u015fimli \u00f6zel m\u00fczeler kurulacak.&nbsp;<\/p>\n\n\n\n<p>\u2022 Emlak vergilerinden al\u0131nan \u201cTa\u015f\u0131nmaz K\u00fclt\u00fcr Varl\u0131klar\u0131n\u0131n Korunmas\u0131na Ait Katk\u0131 Pay\u0131\u201d amac\u0131na uygun harcanacak.&nbsp;<\/p>\n\n\n\n<p>\u2022 Ta\u015f\u0131nmaz k\u00fclt\u00fcr varl\u0131klar\u0131n\u0131n korunmas\u0131 ve de\u011ferlendirilmesi amac\u0131yla haz\u0131rlanan projelere destek verilecek.<\/p>\n\n\n\n<h2 class=\"wp-block-heading\">K\u00dcLT\u00dcR VE SANAT E\u011e\u0130T\u0130M\u0130NE \u00d6NCEL\u0130K VER\u0130LECEK<\/h2>\n\n\n\n<p>\u2022 E\u011fitimde k\u00fclt\u00fcr ve sanata daha geni\u015f yer verilecek, okullarda bu tip etkinliklere daha \u00e7ok kaynak ayr\u0131lmas\u0131 sa\u011flanacak.&nbsp;<\/p>\n\n\n\n<p>\u2022 Sanata \u00f6zel yetene\u011fi olan \u00e7ocuklar erken ya\u015flarda tespit edilerek, yeteneklerini geli\u015ftirmeleri i\u00e7in en ileri d\u00fczeyde e\u011fitim olanaklar\u0131 sa\u011flanacak&nbsp;<\/p>\n\n\n\n<p>\u2022 Sanat tarihi dersleri \u00f6\u011frencilerin pedagojik d\u00fczeylerine uygun, yarat\u0131c\u0131l\u0131klar\u0131n\u0131 geli\u015ftirmelerine katk\u0131 sa\u011flayacak \u015fekilde d\u00fczenlenerek m\u00fcfredata d\u00e2hil edilecek.&nbsp;<\/p>\n\n\n\n<p><strong>Kemal KILI\u00c7DARO\u011eLU\u00a0<\/strong><br><em>CHP Genel Ba\u015fkan\u0131\u00a0<\/em><\/p>\n\n\n\n<hr class=\"wp-block-separator has-alpha-channel-opacity\"\/>\n\n\n\n<p>09.10.2015<\/p>\n","protected":false},"excerpt":{"rendered":"<p>Sanat politikam\u0131z\u0131n mottosu &#8220;\u00d6zg\u00fcr, \u00d6zerk ve \u00d6zg\u00fcn Sanat&#8221;t\u0131r. K\u00fclt\u00fcr ve sanata ula\u015fman\u0131n bir insan hakk\u0131 oldu\u011fu ger\u00e7e\u011finden hareketle, herkesin k\u00fclt\u00fcr-sanat etkinliklerinden yararlanabilmesi, bu etkinliklere aktif bi\u00e7imde kat\u0131labilmesi i\u00e7in \u00f6nlemler almak gerekir. <\/p>\n","protected":false},"author":2,"featured_media":655,"comment_status":"open","ping_status":"open","sticky":false,"template":"","format":"standard","meta":{"_jetpack_memberships_contains_paid_content":false,"footnotes":"","jetpack_publicize_message":"","jetpack_publicize_feature_enabled":true,"jetpack_social_post_already_shared":true,"jetpack_social_options":{"image_generator_settings":{"template":"highway","default_image_id":0,"font":"","enabled":false},"version":2}},"categories":[13],"tags":[21,16,19],"class_list":["post-654","post","type-post","status-publish","format-standard","has-post-thumbnail","hentry","category-kultur","tag-chp-kultur-sanat-politikasi","tag-kultur-bakanligi","tag-tusak"],"jetpack_publicize_connections":[],"jetpack_featured_media_url":"http:\/\/www.ercankarakas.com\/wp-content\/uploads\/2025\/05\/kemal-kilicdaroglu-sanat.webp","jetpack_sharing_enabled":true,"_links":{"self":[{"href":"http:\/\/www.ercankarakas.com\/index.php?rest_route=\/wp\/v2\/posts\/654","targetHints":{"allow":["GET"]}}],"collection":[{"href":"http:\/\/www.ercankarakas.com\/index.php?rest_route=\/wp\/v2\/posts"}],"about":[{"href":"http:\/\/www.ercankarakas.com\/index.php?rest_route=\/wp\/v2\/types\/post"}],"author":[{"embeddable":true,"href":"http:\/\/www.ercankarakas.com\/index.php?rest_route=\/wp\/v2\/users\/2"}],"replies":[{"embeddable":true,"href":"http:\/\/www.ercankarakas.com\/index.php?rest_route=%2Fwp%2Fv2%2Fcomments&post=654"}],"version-history":[{"count":1,"href":"http:\/\/www.ercankarakas.com\/index.php?rest_route=\/wp\/v2\/posts\/654\/revisions"}],"predecessor-version":[{"id":656,"href":"http:\/\/www.ercankarakas.com\/index.php?rest_route=\/wp\/v2\/posts\/654\/revisions\/656"}],"wp:featuredmedia":[{"embeddable":true,"href":"http:\/\/www.ercankarakas.com\/index.php?rest_route=\/wp\/v2\/media\/655"}],"wp:attachment":[{"href":"http:\/\/www.ercankarakas.com\/index.php?rest_route=%2Fwp%2Fv2%2Fmedia&parent=654"}],"wp:term":[{"taxonomy":"category","embeddable":true,"href":"http:\/\/www.ercankarakas.com\/index.php?rest_route=%2Fwp%2Fv2%2Fcategories&post=654"},{"taxonomy":"post_tag","embeddable":true,"href":"http:\/\/www.ercankarakas.com\/index.php?rest_route=%2Fwp%2Fv2%2Ftags&post=654"}],"curies":[{"name":"wp","href":"https:\/\/api.w.org\/{rel}","templated":true}]}}