{"id":729,"date":"2015-06-13T09:18:00","date_gmt":"2015-06-13T09:18:00","guid":{"rendered":"https:\/\/www.ercankarakas.com\/?p=729"},"modified":"2025-07-07T13:04:10","modified_gmt":"2025-07-07T13:04:10","slug":"kultur-ve-sanat-alaninin-sorunlarina-sanatcilarla-birlikte-cozum-uretmeyi-surekli-kilmak-istiyoruz","status":"publish","type":"post","link":"http:\/\/www.ercankarakas.com\/?p=729","title":{"rendered":"K\u00fclt\u00fcr ve sanat alan\u0131n\u0131n sorunlar\u0131na, sanat\u00e7\u0131larla birlikte \u00e7\u00f6z\u00fcm \u00fcretmeyi s\u00fcrekli k\u0131lmak istiyoruz"},"content":{"rendered":"\n<h2 class=\"wp-block-heading\">CUMHUR\u0130YET GAZETES\u0130 \/ Celal \u00dcster ile s\u00f6yle\u015fi (2015)<\/h2>\n\n\n\n<p><strong>CHP&#8217;nin bir K\u00fclt\u00fcr ve Sanat Platformu olu\u015fturmas\u0131 ve sizin \u015fahs\u0131n\u0131zda bir Genel Ba\u015fkan Yard\u0131mc\u0131s\u0131&#8217;n\u0131n k\u00fclt\u00fcr ve sanattan sorumlu olarak belirlenmesi, Parti&#8217;nin bu alana verdi\u011fi \u00f6nemi g\u00f6steriyor. Platformun nas\u0131l bir i\u015flev \u00fcstlendi\u011fini anlat\u0131r m\u0131s\u0131n\u0131z?\u00a0<\/strong><\/p>\n\n\n\n<p>\u00dclkemizde evrensel standartlarda bir demokrasiyi hedefleyen partimiz CHP&#8217;nin k\u00fclt\u00fcr alan\u0131yla ve o alan\u0131n sorunlar\u0131yla yak\u0131ndan ilgilenmesi, bunu bir g\u00f6rev saymas\u0131 do\u011fald\u0131r. \u00c7\u00fcnk\u00fc k\u00fclt\u00fcr politikas\u0131 demokrasiyi derinle\u015ftirmenin, g\u00fc\u00e7lendirmenin bir par\u00e7as\u0131d\u0131r. AKP h\u00fck\u00fcmeti d\u00f6neminde k\u00fclt\u00fcr ve sanat alan\u0131 da bask\u0131 alt\u0131nda tutuluyor. B\u00f6ylesine bir ortamda sanat\u0131 ve sanat\u00e7\u0131lar\u0131 desteklemek daha da \u00f6nemlidir.\u00a0<\/p>\n\n\n\n<p>Bu \u00e7er\u00e7evede; K\u00fclt\u00fcr ve Sanat Platformu&#8217;nun iki i\u015flevinden s\u00f6z edebiliriz. Bunlardan birincisi, son derece yarat\u0131c\u0131 ve dinamik bir yap\u0131s\u0131 olan k\u00fclt\u00fcr-sanat d\u00fcnyas\u0131yla CHP aras\u0131nda bir ileti\u015fim k\u00f6pr\u00fcs\u00fc kurmak, ikincisi de k\u00fclt\u00fcr ve sanat alan\u0131n\u0131n sorunlar\u0131na birlikte \u00e7\u00f6z\u00fcm \u00fcretmektir.&nbsp;<\/p>\n\n\n\n<p><strong>Sanat ve k\u00fclt\u00fcr alan\u0131nda \u00f6zellikle son y\u0131llarda \u00f6nemli bask\u0131lar ya\u015fan\u0131yor. Ayr\u0131ca sanat\u00e7\u0131lar\u0131n sosyal g\u00fcvenlik sorunlar\u0131, telif haklar\u0131 sorunu, korsan yay\u0131nla m\u00fccadele, vb. gibi pek \u00e7ok sorun var. Platform ayn\u0131 zamanda bu alanda bir G\u00f6lge Bakanl\u0131k gibi g\u00f6r\u00fclebilir mi?\u00a0<\/strong><\/p>\n\n\n\n<p>Belirtti\u011finiz gibi k\u00fclt\u00fcr ve sanat alan\u0131na son y\u0131llarda ak\u0131l almaz bask\u0131 ve sans\u00fcr uygulan\u0131yor. AKP h\u00fck\u00fcmeti ve onun K\u00fclt\u00fcr ve Turizm Bakanl\u0131\u011f\u0131 adeta \u00f6zg\u00fcr sanata ve sanat\u00e7\u0131ya sava\u015f a\u00e7m\u0131\u015f durumda. Sinema, tiyatro, opera-bale, m\u00fczik, edebiyat gibi sanat\u0131n her alan\u0131na sans\u00fcr ve yasaklarla kar\u015f\u0131 kar\u015f\u0131yay\u0131z. Toplum neredeyse her g\u00fcn bir sans\u00fcr olay\u0131 ile kar\u015f\u0131 kar\u015f\u0131ya kal\u0131yor. H\u00fck\u00fcmet k\u00fclt\u00fcr ve sanat\u0131 da yarg\u0131, \u00fcniversiteler, parlamento gibi vesayet alt\u0131na almaya \u00e7al\u0131\u015f\u0131yor. Bu ama\u00e7la haz\u0131rlanan TUSAK (T\u00fcrkiye Sanat Kurumu) yasa tasla\u011f\u0131 sanat\u0131 da &#8220;<strong>yap-i\u015flet-kar et<\/strong>&#8221; anlay\u0131\u015f\u0131 ile yap\u0131land\u0131rmak istiyor. K\u00fclt\u00fcr ve sanat \u00e7evrelerine hi\u00e7 bir \u015fekilde bilgi verilmeden ve g\u00f6r\u00fc\u015fleri al\u0131nmadan haz\u0131rlanan bu taslak \u00f6zg\u00fcr sanat\u0131 yok etmeye y\u00f6neliktir. Sanat\u00e7\u0131lar\u0131n, telif haklar\u0131, sosyal g\u00fcvenlik,\u00a0korsan yay\u0131nc\u0131l\u0131k, mevcut yasalar\u0131n \u00e7a\u011fda\u015f ve demokratik bir anlay\u0131\u015fla yenilenmesi, k\u00fclt\u00fcr ve sanata daha fazla kaynak ayr\u0131lmas\u0131, sanat mekanlar\u0131n\u0131n \u00e7o\u011falt\u0131lmas\u0131 vb can al\u0131c\u0131 sorunlar\u0131na \u00e7\u00f6z\u00fcm getirmesi gereken h\u00fck\u00fcmet bu konularda kay\u0131ts\u0131z kalmaktad\u0131r.\u00a0<\/p>\n\n\n\n<p>Biz platform olarak bu sorunlar\u0131 irdelemek ve yeni \u00e7\u00f6z\u00fcm \u00f6nerileri geli\u015ftirmek i\u00e7in alt\u0131 sempozyum d\u00fczenliyoruz. Bu \u00e7al\u0131\u015fmalarda daha \u00e7ok sorunlar\u0131 ya\u015fayan sanat\u00e7\u0131lar\u0131 ve sanat\u00e7\u0131 kurulu\u015flar\u0131n\u0131n d\u00fc\u015f\u00fcnce ve \u00f6nerilerini dinliyoruz. T\u00dcSAK konusundaki sempozyumdan sonra &#8220;<em>CHP&#8217;li Bele<u>d<\/u>iyelerin k\u00fclt\u00fcr ve s<\/em><em>ana<\/em><em>t <\/em><em>alan\u0131ndaki <u>uyg<\/u>ulamalar\u0131<\/em>&#8221; ba\u015fl\u0131\u011f\u0131 ile 21 Kas\u0131m&#8217;da \u0130stanbul&#8217;da ve &#8220;S<em>an<\/em><em>at\u00e7\u0131lar\u0131n sosyal g\u00fcvenlik sorunlar\u0131 ve \u00e7\u00f6z\u00fcm \u00f6nerileri&#8221; <\/em>ba\u015fl\u0131\u011f\u0131 alt\u0131nda Aral\u0131k ay\u0131nda Ankara&#8217;da iki sempozyum daha planlam\u0131\u015f bulunuyoruz. Yeni y\u0131lda da sempozyum \u00e7al\u0131\u015fmalar\u0131 s\u00fcrd\u00fcr\u00fclecektir. Bu sempozyumlardan sonra tebli\u011fleri kitap halinde yay\u0131nlayarak partililerimize, sanat \u00e7evrelerine sunaca\u011f\u0131z. T\u00dcSAK sempozyumunu yay\u0131nlam\u0131\u015f bulunuyoruz.&nbsp;<\/p>\n\n\n\n<p>T\u00fcm bu \u00e7al\u0131\u015fmalardan sonra bir K\u00fclt\u00fcr Konferans\u0131 d\u00fczenleyerek CHP&#8217;nin 2023 K\u00fclt\u00fcr Vizyonu&#8217;nu belirlemek istiyoruz.&nbsp;<\/p>\n\n\n\n<p>Elbette K\u00fclt\u00fcr ve Turizm Bakanl\u0131\u011f\u0131n\u0131 da yak\u0131ndan izliyoruz. Y\u0131l sonunda bakanl\u0131\u011f\u0131n hukuk d\u0131\u015f\u0131 uygulamalar\u0131 ile sanata ve sanat\u00e7\u0131ya uygulad\u0131klar\u0131 bask\u0131 ve sans\u00fcr\u00fc bir rapor halinde kamuoyu ile payla\u015faca\u011f\u0131z.<\/p>\n\n\n\n<p><strong>T\u00fcrkiye&#8217;nin k\u00fclt\u00fcr ve e\u011fitim alanlar\u0131nda h\u0131zla muhafazakarla\u015ft\u0131r\u0131lmaya \u00e7al\u0131\u015f\u0131ld\u0131\u011f\u0131 bir ortamda, k\u0131saca da olsa, nas\u0131l bir k\u00fclt\u00fcr ve e\u011fitim politikas\u0131 \u00f6nerdi\u011fini anlat\u0131r m\u0131s\u0131n\u0131z?\u00a0<\/strong><\/p>\n\n\n\n<p>AKP h\u00fck\u00fcmeti cumhuriyetin \u00e7a\u011fda\u015f e\u011fitim ve k\u00fclt\u00fcr politikas\u0131 yerine, \u0130slami referanslara dayal\u0131, muhafazakar bir k\u00fclt\u00fcr ve e\u011fitim politikas\u0131 yerle\u015ftirmeye \u00e7al\u0131\u015f\u0131yor. &#8220;<strong>Okullar dindar nesil yeti\u015ftirecek<\/strong>&#8220;, &#8220;<strong>istedi\u011fimiz sanat eserini destekleriz<\/strong>&#8221; gibi beyanlar h\u00fck\u00fcmetin niyetini a\u00e7\u0131k\u00e7a ortaya koyan beyanlard\u0131r.\u00a0<\/p>\n\n\n\n<p>H\u00fck\u00fcmet ve bakanl\u0131k di\u011fer y\u00f6nden kamunun sorumlulu\u011funu ortadan kald\u0131rmaya, k\u00fclt\u00fcr ve sanat alan\u0131n\u0131 \u00f6zelle\u015ftirmeye \u00e7al\u0131\u015f\u0131yor. K\u00fclt\u00fcr ve sanat insanlar\u0131n\u0131n ve sanatseverlerin hakl\u0131 tepkisini \u00e7eken T\u00dcSAK yasa tasla\u011f\u0131 bunu hedefliyor. Oysa Anayasan\u0131n 6<em>4<\/em>. maddesi \u00e7ok a\u00e7\u0131k. Bu madde devletin sanat\u0131 ve sanat\u00e7\u0131y\u0131 desteklemesi gerekti\u011fini s\u00f6yl\u00fcyor.&nbsp;<\/p>\n\n\n\n<p>E\u011fitim alan\u0131nda da h\u00fck\u00fcmet \u00e7a\u011fda\u015f bir e\u011fitim politikas\u0131 yerine &#8220;dindar gen\u00e7lik yeti\u015ftirmek ama\u00e7l\u0131 bir politika izliyor. Bilimsel ve pedagojik temelden yoksun, e\u011fitim alan\u0131ndaki mesleki \u00f6rg\u00fctlere, sivil topluma, uzmanlara dan\u0131\u015fmadan ba\u015flat\u0131lan 4+4+4 e\u011fitim sisteminin son derece yanl\u0131\u015f ve sak\u0131ncal\u0131 oldu\u011funu s\u00f6yledik. Bu uygulamalar\u0131n vahim sonu\u00e7lar do\u011furdu\u011fu bir y\u0131lda anla\u015f\u0131ld\u0131. Bu sistemde en b\u00fcy\u00fck zarar\u0131 \u00e7ocuklar\u0131m\u0131z g\u00f6rmektedir. \u00c7ocuklar hen\u00fcz 9 ya\u015f\u0131ndayken erken meslek se\u00e7imine zorlanmakta, a\u00e7\u0131k lise uygulamas\u0131 ile de \u00f6zellikle k\u0131z \u00e7ocuklar\u0131 okuldan uzak tutulmaktad\u0131r. Okullardaki zorunlu din e\u011fitimi de, Avrupa \u0130nsan Haklar\u0131 Mahkemesi karar\u0131n\u0131n g\u00f6sterdi\u011fi gibi sorunludur. H\u00fck\u00fcmetin bu karar\u0131n gere\u011fini yapmamas\u0131n\u0131 hukuk devleti anlay\u0131\u015f\u0131yla ba\u011fda\u015ft\u0131rmak m\u00fcmk\u00fcn de\u011fildir.&nbsp;<\/p>\n\n\n\n<p>CHP&#8217;nin k\u00fclt\u00fcr ve e\u011fitim alan\u0131ndaki alternatiflerini k\u0131saca \u00f6zetlemek gerekirse; Biz bilim ve sanat\u0131n \u00f6zg\u00fcrl\u00fc\u011f\u00fcn\u00fc ve kurumlar\u0131n\u0131n \u00f6zerkli\u011fini savunuyoruz. Kamunun bilim, k\u00fclt\u00fcr ve sanat alan\u0131na olan deste\u011fini artarak s\u00fcrd\u00fcrmesini istiyoruz. Sans\u00fcre ve yasaklamalara ve bask\u0131ya kar\u015f\u0131y\u0131z. K\u00fclt\u00fcr ve sanat politikalar\u0131n\u0131n olu\u015fum s\u00fcre\u00e7lerine, meslek \u00f6rg\u00fctlerinin, sanat\u00e7\u0131lar\u0131n, sivil toplum \u00f6rg\u00fctlerinin, uzmanlar\u0131n payda\u015f olarak kat\u0131l\u0131m\u0131n\u0131n kurumsalla\u015fmas\u0131n\u0131 hedefliyoruz.&nbsp;<\/p>\n\n\n\n<p>E\u011fitimde e\u015fitli\u011fi ve niteli\u011fin y\u00fckseltilmesini, zorunlu e\u011fitimin 12 y\u0131la \u00e7\u0131kart\u0131lmas\u0131n\u0131 hedefleyen k\u00f6kl\u00fc bir e\u011fitim reformunu savunuyoruz. Bu reformun e\u011fitimin t\u00fcm payda\u015flar\u0131n\u0131n aktif kat\u0131l\u0131m\u0131yla olu\u015fturulmas\u0131n\u0131 istiyoruz. Y\u00d6K&#8217;\u00fcn kald\u0131r\u0131lmas\u0131n\u0131, \u00fcniversitelerin \u00f6zg\u00fcr ve \u00f6zerk olmalar\u0131n\u0131 hedefliyoruz.&nbsp;<\/p>\n\n\n\n<p><strong>Yerel y\u00f6netimlerin bu konudaki rol\u00fc ve i\u015fleviyle ilgili ne d\u00fc\u015f\u00fcn\u00fcyorsunuz?\u00a0<\/strong><\/p>\n\n\n\n<p>Yerel y\u00f6netimlerine k\u00fclt\u00fcr ve sanat alan\u0131nda \u00f6nemli g\u00f6revler d\u00fc\u015fmektedir. Bunlar\u0131n ba\u015f\u0131nda; k\u00fclt\u00fcr ve sanat merkezlerinin \u00e7o\u011falt\u0131lmas\u0131, halk\u0131n k\u00fclt\u00fcr ve sanata ula\u015f\u0131m\u0131n\u0131n kolayla\u015ft\u0131r\u0131lmas\u0131 gelmektedir. Yerel y\u00f6netimlerin kent tiyatrosu, koro, orkestra, sanat galerisi, kent m\u00fczesi, sanat at\u00f6lyesi, sanat kurslar\u0131 vb konularda gerekli \u00e7al\u0131\u015fmalar\u0131 yapmas\u0131 i\u00e7in g\u00fc\u00e7lendirmelerini savunuyoruz.\u00a0<\/p>\n\n\n\n<p>Yerel y\u00f6netimler ayn\u0131 \u015fekilde, yerel k\u00fclt\u00fcrlerin ve zanaatlar\u0131n ortaya \u00e7\u0131kar\u0131lmas\u0131 ve geli\u015ftirilmesi konusunda en verimli \u00e7al\u0131\u015fmalar\u0131 yapmas\u0131 gereken kurulu\u015flard\u0131r.&nbsp;<\/p>\n\n\n\n<p>Belediyelerin, bu gibi k\u00fclt\u00fcr ve sanat faaliyetlerine yeterli b\u00fct\u00e7e ay\u0131rmalar\u0131 gerekir. Belediyeler k\u00fclt\u00fcr sanat alan\u0131nda etkin olabilmeleri i\u00e7in, sanat\u00e7\u0131larla, k\u00fclt\u00fcr alan\u0131nda faaliyet g\u00f6steren sivil toplum \u00f6rg\u00fctleriyle birlikte \u00e7al\u0131\u015fmal\u0131, karar s\u00fcre\u00e7lerine onlar\u0131 da katmal\u0131d\u0131r. CHP&#8217;li belediyeler bu konuda \u00f6nemli deneyimlere sahipler. AKP h\u00fck\u00fcmetinin ve K\u00fclt\u00fcr Bakanl\u0131\u011f\u0131n\u0131n \u00e7a\u011fda\u015f sanat\u0131 adeta yok etmeye \u00e7al\u0131\u015ft\u0131\u011f\u0131 bu s\u00fcre\u00e7te, belediyelerimizin k\u00fclt\u00fcr ve sanat alan\u0131ndaki faaliyetlerini yayg\u0131nla\u015ft\u0131rmalar\u0131n\u0131 ve sanat\u00e7\u0131larla dayan\u0131\u015fma i\u00e7erisinde olmalar\u0131n\u0131 \u00f6nemli buluyoruz. \u00c7\u00fcnk\u00fc k\u00fclt\u00fcr ve sanata yap\u0131lan her yat\u0131r\u0131m hem demokrasiye, hem de insana yap\u0131lan bir yat\u0131r\u0131md\u0131r.&nbsp;<\/p>\n\n\n\n<p><strong>Gezi Direni\u015fi\u2019ni konu alan pek \u00e7ok oyun, kitap ya engelleniyor ya da soru\u015fturmaya u\u011fruyor. En son Alt\u0131n Portakal Film Festivali&#8217;nde bir Gezi belgeseli sans\u00fcre u\u011frad\u0131. Sizce, bu &#8220;Gezi olay\u0131&#8221;, iktidar\u0131 neden bu kadar \u00fcrk\u00fct\u00fcyor?\u00a0<\/strong><\/p>\n\n\n\n<p>Gezi eylemi AKP h\u00fck\u00fcmetinin, bireylerin g\u00f6r\u00fc\u015f ve taleplerini yok sayan, buyurgan, anti-demokratik bask\u0131c\u0131 ve kutupla\u015ft\u0131r\u0131c\u0131 y\u00f6netim anlay\u0131\u015f\u0131na kar\u015f\u0131 tabandan geli\u015fen b\u00fcy\u00fck bir toplumsal harekettir, demokratik, bar\u0131\u015f\u00e7\u0131l bir sivil toplum hareketidir.\u00a0<\/p>\n\n\n\n<p>Gen\u00e7lerin, kad\u0131nlar\u0131n \u00f6nde oldu\u011fu bu hareket, \u00f6zg\u00fcrl\u00fck, kat\u0131l\u0131mc\u0131 demokrasi, dayan\u0131\u015fma, adil bir toplum d\u00fczeni isteyen \u00e7e\u015fitli toplum kesimlerini bir araya getirmeyi ba\u015fararak, T\u00fcrkiye demokrasi tarihindeki \u00f6zg\u00fcn yerini alm\u0131\u015ft\u0131r.&nbsp;<\/p>\n\n\n\n<p>H\u00fck\u00fcmet kendi se\u00e7men taban\u0131n\u0131 sa\u011flamla\u015ft\u0131rmaya \u00e7al\u0131\u015f\u0131rken, bu taban\u0131n d\u0131\u015f\u0131nda kald\u0131\u011f\u0131n\u0131 d\u00fc\u015f\u00fcnd\u00fc\u011f\u00fc herkesi \u00f6teki ve d\u00fc\u015fman ilan etmektedir.&nbsp;<\/p>\n\n\n\n<p>Demokrasiyi se\u00e7im sand\u0131\u011f\u0131 ile s\u0131n\u0131rl\u0131 g\u00f6ren AKP&#8217;nin Gezi&#8217;ye orant\u0131s\u0131z ve ac\u0131mas\u0131z olarak m\u00fcdahale etmesi, demokratik bir d\u00fczen yerine tek adama ba\u011fl\u0131 otoriter, fa\u015fizan bir d\u00fczen kurmak istedi\u011finin a\u00e7\u0131k kan\u0131t\u0131d\u0131r. Gezi eylemi, ayn\u0131 zamanda kentlerin ya\u011fmalanmas\u0131na, ranta ve ya\u011fma ekonomisine de bir tepkiydi. Evrensel standartlarda bir demokrasi anlay\u0131\u015f\u0131ndan uzak, otoriter bir d\u00fczen pe\u015findeki AKP h\u00fck\u00fcmetinin gezi eylemlerinden \u00fcrkmesi ve bu b\u00fcy\u00fck&nbsp;demokratik hareketi bir kalk\u0131\u015fma olarak g\u00f6stermeye \u00e7al\u0131\u015fmas\u0131, demokrasi korkusundan ve ya\u011fma d\u00fczeninin son bulmas\u0131 endi\u015fesinden kaynaklanmaktad\u0131r.&nbsp;<\/p>\n\n\n\n<p><strong>T\u00dcSAK Yasa Tasar\u0131s\u0131 ve Edebiyata Destek gibi konularda AKP iktidar\u0131n\u0131n tutumuna bak\u0131ld\u0131\u011f\u0131nda, sanat ve k\u00fclt\u00fcr alan\u0131n\u0131 tam bir denetim almaya \u00e7al\u0131\u015ft\u0131\u011f\u0131 anla\u015f\u0131l\u0131yor. CHP ve Platform, bu konuda somut olarak nas\u0131l bir \u00e7al\u0131\u015fma y\u00fcr\u00fctmeyi d\u00fc\u015f\u00fcn\u00fcyor?<\/strong><\/p>\n\n\n\n<p>Herkesten gizli olarak haz\u0131rlanan T\u00dcSAK Yasa Tasar\u0131s\u0131, \u00fclkemizin kendini kan\u0131tlam\u0131\u015f sanat kurumlar\u0131n\u0131 ortadan kald\u0131rmaya ve k\u00fclt\u00fcr sanat alan\u0131n\u0131 h\u00fck\u00fcmetin vesayeti alt\u0131na almay\u0131 ama\u00e7lamaktad\u0131r. Sanat ve k\u00fclt\u00fcr alan\u0131 h\u00fck\u00fcmet taraf\u0131ndan atanacak 11 \u00fcyeli bir siyasi kurulun y\u00f6netimine b\u0131rakan T\u00dcSAK tasla\u011f\u0131n\u0131, sanata kar\u015f\u0131 bir tuzak olarak g\u00f6r\u00fcyoruz ve g\u00fcndemden \u00e7\u0131kar\u0131lmas\u0131n\u0131 talep ediyoruz. Sanat\u0131n \u00f6zg\u00fcrl\u00fc\u011f\u00fcn\u00fc, kurumlar\u0131n\u0131n \u00f6zerkli\u011fini ve sanata kamu deste\u011finin artarak s\u00fcrmesini savunuyoruz. Bu konuda sanat\u00e7\u0131larla ve sanat\u00e7\u0131 \u00f6rg\u00fctleriyle dayan\u0131\u015fma i\u00e7erisindeyiz.\u00a0<\/p>\n\n\n\n<p>T\u00dcSAK tuza\u011f\u0131n\u0131n daha iyi anla\u015f\u0131lmas\u0131na katk\u0131da bulunmak \u00fczere bir sempozyum ger\u00e7ekle\u015ftirdik. Bu sempozyumda sanat insanlar\u0131 alternatif g\u00f6r\u00fc\u015flerini ortaya koydular. Tebli\u011fleri kitap haline getirdik. T\u00dcSAK tuza\u011f\u0131nda sanat\u00e7\u0131 ve sanat\u00e7\u0131 \u00f6rg\u00fctleriyle dayan\u0131\u015fmam\u0131z\u0131 s\u00fcrd\u00fcr\u00fcyoruz.&nbsp;<\/p>\n\n\n\n<p><strong>CHP&#8217;nin sanat\u00e7\u0131larla ileti\u015fimini g\u00fc\u00e7lendirmek i\u00e7in neler yapmay\u0131 tasarl\u0131yorsunuz?\u00a0<\/strong><\/p>\n\n\n\n<p>Ba\u015fta da belirtti\u011fim gibi \u00f6ncelikle k\u00fclt\u00fcr ve sanat alan\u0131n\u0131n sorunlar\u0131na, sanat\u00e7\u0131larla birlikte \u00e7\u00f6z\u00fcm \u00fcretmeyi s\u00fcrekli k\u0131lmak istiyoruz. Sans\u00fcr ve bask\u0131lara kar\u015f\u0131 sanat\u00e7\u0131 \u00f6rg\u00fctleriyle dayan\u0131\u015fma i\u00e7erisinde olaca\u011f\u0131z. Sanat\u0131n \u00f6zg\u00fcr ve \u00f6zerk oldu\u011fu demokratik bir k\u00fclt\u00fcr toplumu yaratmak i\u00e7in gereken her t\u00fcrl\u00fc m\u00fccadeleyi s\u00fcrd\u00fcrece\u011fiz. Bu \u00e7al\u0131\u015fmalar\u0131m\u0131z\u0131 Ankara d\u0131\u015f\u0131ndaki b\u00fcy\u00fck illerde de olu\u015fturaca\u011f\u0131m\u0131z k\u00fclt\u00fcr ve sanat platformuyla yayg\u0131nla\u015ft\u0131raca\u011f\u0131z. CHP ile sanat\u00e7\u0131lar aras\u0131nda olu\u015fturulan bu ileti\u015fim ve etkile\u015fim k\u00f6pr\u00fcs\u00fcn\u00fc kal\u0131c\u0131 hale getirece\u011fiz.\u00a0<\/p>\n","protected":false},"excerpt":{"rendered":"<p>CHP K\u00fclt\u00fcr ve Sanat Platformu&#8217;nun iki i\u015flevinden s\u00f6z edebiliriz. Bunlardan birincisi, son derece yarat\u0131c\u0131 ve dinamik bir yap\u0131s\u0131 olan k\u00fclt\u00fcr-sanat d\u00fcnyas\u0131yla CHP aras\u0131nda bir ileti\u015fim k\u00f6pr\u00fcs\u00fc kurmak, ikincisi de k\u00fclt\u00fcr ve sanat alan\u0131n\u0131n sorunlar\u0131na birlikte \u00e7\u00f6z\u00fcm \u00fcretmektir.\u00a0<\/p>\n","protected":false},"author":2,"featured_media":730,"comment_status":"open","ping_status":"open","sticky":false,"template":"","format":"standard","meta":{"_jetpack_memberships_contains_paid_content":false,"footnotes":"","jetpack_publicize_message":"","jetpack_publicize_feature_enabled":true,"jetpack_social_post_already_shared":true,"jetpack_social_options":{"image_generator_settings":{"template":"highway","default_image_id":0,"font":"","enabled":false},"version":2}},"categories":[13,14],"tags":[21,51,52,20,19],"class_list":["post-729","post","type-post","status-publish","format-standard","has-post-thumbnail","hentry","category-kultur","category-soylesiler","tag-chp-kultur-sanat-politikasi","tag-chp-kultur-ve-sanat-platformu","tag-soylesiler","tag-turkiye-sanat-kurumu","tag-tusak"],"jetpack_publicize_connections":[],"jetpack_featured_media_url":"http:\/\/www.ercankarakas.com\/wp-content\/uploads\/2025\/06\/kemal-kilicdaroglu-karakas.webp","jetpack_sharing_enabled":true,"_links":{"self":[{"href":"http:\/\/www.ercankarakas.com\/index.php?rest_route=\/wp\/v2\/posts\/729","targetHints":{"allow":["GET"]}}],"collection":[{"href":"http:\/\/www.ercankarakas.com\/index.php?rest_route=\/wp\/v2\/posts"}],"about":[{"href":"http:\/\/www.ercankarakas.com\/index.php?rest_route=\/wp\/v2\/types\/post"}],"author":[{"embeddable":true,"href":"http:\/\/www.ercankarakas.com\/index.php?rest_route=\/wp\/v2\/users\/2"}],"replies":[{"embeddable":true,"href":"http:\/\/www.ercankarakas.com\/index.php?rest_route=%2Fwp%2Fv2%2Fcomments&post=729"}],"version-history":[{"count":1,"href":"http:\/\/www.ercankarakas.com\/index.php?rest_route=\/wp\/v2\/posts\/729\/revisions"}],"predecessor-version":[{"id":731,"href":"http:\/\/www.ercankarakas.com\/index.php?rest_route=\/wp\/v2\/posts\/729\/revisions\/731"}],"wp:featuredmedia":[{"embeddable":true,"href":"http:\/\/www.ercankarakas.com\/index.php?rest_route=\/wp\/v2\/media\/730"}],"wp:attachment":[{"href":"http:\/\/www.ercankarakas.com\/index.php?rest_route=%2Fwp%2Fv2%2Fmedia&parent=729"}],"wp:term":[{"taxonomy":"category","embeddable":true,"href":"http:\/\/www.ercankarakas.com\/index.php?rest_route=%2Fwp%2Fv2%2Fcategories&post=729"},{"taxonomy":"post_tag","embeddable":true,"href":"http:\/\/www.ercankarakas.com\/index.php?rest_route=%2Fwp%2Fv2%2Ftags&post=729"}],"curies":[{"name":"wp","href":"https:\/\/api.w.org\/{rel}","templated":true}]}}