{"id":748,"date":"2018-12-18T10:19:00","date_gmt":"2018-12-18T10:19:00","guid":{"rendered":"https:\/\/www.ercankarakas.com\/?p=748"},"modified":"2025-11-11T16:14:59","modified_gmt":"2025-11-11T16:14:59","slug":"sosyal-demokrasinin-krizi-ve-cikis-yolu","status":"publish","type":"post","link":"http:\/\/www.ercankarakas.com\/?p=748","title":{"rendered":"Sosyal Demokrasinin Krizi ve \u00c7\u0131k\u0131\u015f Yolu"},"content":{"rendered":"\n<p>Eyl\u00fcl ay\u0131nda \u0130sve\u00e7\u2019te yap\u0131lan parlamento se\u00e7imlerinde ve Almanya\u2019n\u0131n Essen ile Bavyera eyalet se\u00e7imlerinde sosyal demokrat partilerin oy kay\u0131plar\u0131n\u0131n devam etmesi, Avrupa sosyal demokratlar\u0131 aras\u0131nda, 2008 finansal krizinden sonra ba\u015flayan tart\u0131\u015fmalar\u0131 ve aray\u0131\u015flar\u0131 yeniden hareketlendirdi.<\/p>\n\n\n\n<p>Sosyal demokrat bilim insanlar\u0131n\u0131n, sosyal demokrat vak\u0131flar\u0131n ve sosyal demokrasinin evrensel de\u011ferlerine dayal\u0131 bir yenilenmeyi zorunlu g\u00f6ren sosyal demokrat siyaset\u00e7ilerin kat\u0131ld\u0131\u011f\u0131 bu tart\u0131\u015fmalar, hen\u00fcz, \u00fczerinde herkesin hemfikir oldu\u011fu bir sonuca ula\u015fm\u0131\u015f g\u00f6r\u00fcnm\u00fcyor.<\/p>\n\n\n\n<p>\u00dclkemizde sosyal demokrasiyi temsil eden CHP\u2019nin oylar\u0131n\u0131n 24 Haziran se\u00e7iminde y\u00fczde 22\u2019lere d\u00fc\u015fmesi ile bizde de tart\u0131\u015fmas\u0131n\u0131n ba\u015flat\u0131lmas\u0131 ve yenilenmenin somut bir programa dayand\u0131r\u0131lmas\u0131 ya\u015famsal bir \u00f6neme sahiptir. Ama maalesef \u00fclkemizde ele\u015ftiri, \u00f6zele\u015ftiri ve yanl\u0131\u015flarla y\u00fczle\u015fme k\u00fclt\u00fcr\u00fc zay\u0131f oldu\u011fu i\u00e7in krizden \u00e7\u0131k\u0131\u015f yollar\u0131 kapsaml\u0131 bi\u00e7imde tart\u0131\u015f\u0131lm\u0131yor. Elbette, bu tart\u0131\u015fmay\u0131 yapan siyaset bilimciler, sosyal demokrat vak\u0131flar, dernekler ve siyaset\u00e7iler var. \u00d6rne\u011fin, SODEV, Avrupa\u2019da PES -Avrupa Sosyalist Partisi- \u00e7er\u00e7evesinde yap\u0131lan tart\u0131\u015fma forumuna kat\u0131l\u0131yor. SODEV eski ba\u015fkanlar\u0131ndan Ayd\u0131n C\u0131ng\u0131, bu foruma, sosyal demokrat partilerin sorunlar\u0131n\u0131 ve perspektiflerini ele alan CHP analiziyle katk\u0131 verdi. SODEV, ayr\u0131ca, T\u00fcrkiye d\u0131\u015f\u0131ndaki sol tart\u0131\u015fmalar\u0131na ili\u015fkin makalelerden \u00f6nemli olanlar\u0131n\u0131 4 y\u0131ld\u0131r T\u00fcrk\u00e7e\u2019ye \u00e7evirerek, kitap olarak yay\u0131ml\u0131yor. SODEV\u2019in yay\u0131mlad\u0131\u011f\u0131 Sosyal Demokrat Dergi, hemen her say\u0131s\u0131nda sosyal demokrasi tart\u0131\u015fmalar\u0131 \u00fczerine makalelere yer veriyor. Sosyal Demokrat Dergi\u2019nin Ocak-\u015eubat 2018 say\u0131s\u0131ndaki dosya konusu \u201c<strong>Sosyal Demokrasi Yeniden<\/strong>\u201d idi. Derginin s\u00f6z konusu say\u0131s\u0131nda sosyal demokrasi ve onun yenilenmesi konusunda \u00e7al\u0131\u015fma yapan, kafa yoran \u00e7ok say\u0131da siyaset bilimci ve siyaset\u00e7inin ufuk a\u00e7\u0131c\u0131 yaz\u0131lar\u0131 yer al\u0131yor.<\/p>\n\n\n\n<p>Ayr\u0131ca, SODEV\u2019in, 9-10 Aral\u0131k 2017 tarihlerinde d\u00fczenledi\u011fi Ulusal Sosyal Demokrasi Sempozyumu\u2019nda da sosyal demokrasinin sorunlar\u0131 ve \u00e7\u0131k\u0131\u015f yollar\u0131 tart\u0131\u015f\u0131lm\u0131\u015ft\u0131. Bu sempozyumda sunulan fikirler SODEV taraf\u0131ndan kitapla\u015ft\u0131r\u0131larak okurun bilgisine sunuldu. SODEV, 1-2 Aral\u0131k tarihlerinde II. Sosyal Demokrasi Ulusal Sempozyumu\u2019nu ger\u00e7ekle\u015ftiriyor. D\u00f6rt oturumda 16 konu\u015fmac\u0131n\u0131n yer alaca\u011f\u0131 tart\u0131\u015fmalar da kitap olarak yay\u0131mlanacak. SODEV, ayr\u0131ca, bu sempozyumlar\u0131n bir bak\u0131ma tamamlay\u0131c\u0131s\u0131 olarak d\u00fc\u015f\u00fcn\u00fclen <strong>Uluslararas\u0131 Sosyal Demokrasi Sempozyumu<\/strong>\u2019nun da haz\u0131rl\u0131klar\u0131n\u0131 s\u00fcrd\u00fcr\u00fcyor.<\/p>\n\n\n\n<p>Hi\u00e7 ku\u015fkusuz, bunlar ve benzeri \u00e7al\u0131\u015fmalar, T\u00fcrkiye\u2019de ve D\u00fcnya\u2019da sosyal demokrasinin i\u00e7erisinde bulundu\u011fu krizi ve k\u00fc\u00e7\u00fclmeyi \u00f6nleyecek cevaplar\u0131n bulunmas\u0131 i\u00e7in son derece \u00f6nemlidir. Bizim i\u00e7in \u00e7\u00f6z\u00fcm sosyal demokrasidir. Bunun i\u00e7in halka dayal\u0131, g\u00fc\u00e7l\u00fc ve m\u00fccadeleci partilere ihtiya\u00e7 var. Di\u011fer yandan yenilik ve vizyon tart\u0131\u015fmalar\u0131na ve \u00e7al\u0131\u015fmalar\u0131na s\u00fcreklilik kazand\u0131rmaya \u00f6nem vermemiz gerekir.<\/p>\n\n\n\n<p>O nedenle, sosyal demokrasinin krizden \u00e7\u0131kmas\u0131na ili\u015fkin tart\u0131\u015fmalar\u0131, bu konuda analizi ve \u00f6nerisi olanlar\u0131n g\u00f6r\u00fc\u015flerinin, <strong><a href=\"https:\/\/www.sosyaldemokratdergi.org\/\">Sosyal Demokrat Dergi<\/a><\/strong> yoluyla topluma ula\u015ft\u0131r\u0131lmas\u0131na s\u00fcreklilik kazand\u0131r\u0131lmas\u0131 \u00f6nemlidir. \u00c7\u00fcnk\u00fc neoliberal d\u00fczenin a\u015f\u0131lmas\u0131, yeni sorunlara yeni \u00e7\u00f6z\u00fcmler bulunmas\u0131 s\u00fcrekli bir g\u00f6revdir.<\/p>\n\n\n\n<p>Elinizdeki derginin sunu\u015f sayfas\u0131nda belirtildi\u011fi gibi, bu say\u0131dan itibaren, dergide sosyal demokrasi tart\u0131\u015fmalar\u0131na \u00f6zel olarak yer ayr\u0131lacak olmas\u0131 da olumlu bir ad\u0131m olacakt\u0131r.<\/p>\n\n\n\n<h2 class=\"wp-block-heading\"><strong>Ge\u00e7mi\u015ften al\u0131nmas\u0131 gereken dersler<\/strong><\/h2>\n\n\n\n<p>Sosyal demokrasi, uzun bir tarihsel ge\u00e7mi\u015fe sahip. Bu uzun tarih i\u00e7erisinde sosyal demokrasi; \u00f6zg\u00fcrl\u00fcklerin, adaletin, dayan\u0131\u015fmac\u0131 bir toplumun, eme\u011fin korunmas\u0131n\u0131n, bar\u0131\u015f\u0131n hakim olmas\u0131 gereken bir d\u00fcnya i\u00e7in m\u00fccadelenin ad\u0131d\u0131r.<\/p>\n\n\n\n<p>Sosyal demokrasinin 150 y\u0131l\u0131 a\u015fan tarihinde b\u00fcy\u00fck ba\u015far\u0131lar oldu\u011fu gibi yanl\u0131\u015f uygulamalar ve g\u00f6r\u00fc\u015fler de vard\u0131r. Mesele, yanl\u0131\u015flardan ders \u00e7\u0131karmak ve temel de\u011ferlerden ayr\u0131lmaks\u0131z\u0131n de\u011fi\u015fen ko\u015fullara uygun yeni programlar, siyasi stratejiler ve yeni vizyon geli\u015ftirmektir.<\/p>\n\n\n\n<p>Nitekim II. D\u00fcnya Sava\u015f\u0131\u2019ndan sonraki s\u00fcre\u00e7te sosyal demokrasi, g\u00fcn\u00fcn ko\u015fullar\u0131na uygun siyasi ve ekonomik programlarla, demokrasi ve bar\u0131\u015f i\u00e7in kararl\u0131 bir tutumla yola \u00e7\u0131kt\u0131\u011f\u0131nda b\u00fcy\u00fck ba\u015far\u0131lar elde etti. Siyaset bilimcilerin, sosyal demokrasinin alt\u0131n \u00e7a\u011f\u0131 olarak adland\u0131rd\u0131\u011f\u0131 bu d\u00f6nem 1970\u2019lerin ortalar\u0131ndan itibaren gerilemeye ba\u015flad\u0131.<\/p>\n\n\n\n<p>Sovyetler Birli\u011fi\u2019nin da\u011f\u0131lmas\u0131n\u0131 \u201c<strong>sosyal demokrasinin de sonu<\/strong>\u201d olarak ilan eden neoliberallerin y\u00f6netti\u011fi siyasi ortamda kimi sosyal demokrat liderler \u201cideolojilerin sonu\u201d propagandas\u0131na kararl\u0131l\u0131kla kar\u015f\u0131 duracaklar\u0131 yerde neoliberal propagandan\u0131n r\u00fczgar\u0131na kap\u0131ld\u0131lar. Tony Blair ve Gerhard Schr\u00f6der gibi sosyal demokrat siyasi liderler taraf\u0131ndan ileri s\u00fcr\u00fclen 3. yol politikalar\u0131, \u0130skandinav \u00fclkelerindeki sosyal demokrat partilere kadar yay\u0131larak her yerde etkili oldu. Bu d\u00f6nemin en \u00e7arp\u0131c\u0131 slogan\u0131 \u201c<strong>sa\u011f-sol ekonomi anlay\u0131\u015f\u0131 yoktur. Do\u011fru ve yanl\u0131\u015f politikalar vard\u0131r<\/strong>\u201d \u015feklindeydi. Sonu\u00e7; e\u015fitlik, dayan\u0131\u015fma, adalet, eme\u011fin \u00f6nceli\u011fi, refah devleti gibi ilkelerin yok say\u0131lmas\u0131 oldu. Bu politika de\u011fi\u015fikli\u011fi 1990\u2019lar\u0131n ortalar\u0131ndan itibaren \u0130ngiltere\u2019de, Almanya\u2019da, Hollanda\u2019da ve bir\u00e7ok \u00fclkede uyguland\u0131. 10 y\u0131l kadar da etkili oldu. Sonras\u0131nda, ka\u00e7\u0131n\u0131lmaz gerileme, oy ve \u00fcye kay\u0131plar\u0131, emek kesimlerinden kopma s\u00fcreci ba\u015flad\u0131.<\/p>\n\n\n\n<p>K\u00fcreselle\u015fme kar\u015f\u0131s\u0131nda sosyal demokratlar\u0131n ortak bir politika belirleyememeleri, Avrupa Birli\u011fi\u2019nin bir t\u00fcrl\u00fc sosyal dayan\u0131\u015fmac\u0131, \u00e7ok k\u00fclt\u00fcrl\u00fc ve bar\u0131\u015f\u0131n tesisinde etkili bir birlik haline d\u00f6n\u00fc\u015ft\u00fcr\u00fclememesi de sosyal demokrasinin gerilemesinde \u00f6nemli bir rol oynad\u0131. D\u00fcnya \u00e7ap\u0131nda var olan servet ve gelir e\u015fitsizlikleri durmadan b\u00fcy\u00fcrken sosyal demokrasinin demokrasi i\u00e7inde bu e\u015fitsizliklere kar\u015f\u0131 kararl\u0131 bir m\u00fccadele program\u0131 ortaya koyamamas\u0131 sorunu da hayatiyetini koruyor.<\/p>\n\n\n\n<p>Neoliberal politikalardan medet ummak; yani sa\u011fa y\u00f6nelerek, siyaseti romantik-pop\u00fclist liderlerle s\u0131n\u0131rl\u0131 bir alana d\u00f6n\u00fc\u015ft\u00fcrerek, tarihsel kimli\u011fini, temel de\u011ferlerini ve eme\u011fin \u00f6nceli\u011fini yok sayarak var\u0131lan yer; kimlik kayb\u0131 ve sosyal demokrat partilere olan g\u00fcvenin azalmas\u0131, se\u00e7men ve \u00fcye kayb\u0131, bir \u00e7ok \u00fclkede iktidar \u015fans\u0131n\u0131n yitirilmesi oldu. Hi\u00e7 ku\u015fkusuz CHP\u2019nin i\u00e7erisinde bulundu\u011fu durum da yukar\u0131da belirtilen olumsuz geli\u015fmelerle ilgilidir. 1970\u2019lerde ve 1980 darbesinden sonra sol, sosyal demokrat de\u011ferlere ba\u011fl\u0131 yeni programlar, yeni s\u00f6ylemler ve bunlara ba\u011fl\u0131l\u0131\u011f\u0131 olan siyaset\u00e7ilerle g\u00fc\u00e7lenerek birinci parti konumuna gelen SHP\/CHP\u2019nin gerilemesinin bug\u00fcne kadar ciddi bir bi\u00e7imde tart\u0131\u015f\u0131lmam\u0131\u015f olmas\u0131 ve \u00e7\u00f6z\u00fcmlerin sa\u011f\u0131n diline, sol d\u0131\u015f\u0131ndan dev\u015firilen adaylara ba\u011flanmas\u0131 yanl\u0131\u015f olmu\u015ftur.<\/p>\n\n\n\n<p>Sosyal demokrasinin krizine ve \u00e7\u0131k\u0131\u015f yoluna ili\u015fkin \u00e7al\u0131\u015fmalar\u0131yla tan\u0131nan siyaset bilimci <strong>Ernst Hillebrand<\/strong> \u015funlar\u0131 s\u00f6yl\u00fcyor: \u201c<strong>G\u00fcn\u00fcm\u00fcz Avrupa\u2019s\u0131nda siyasal orta solun kimleri ve neyi temsil etmekte oldu\u011fu art\u0131k bir\u00e7ok se\u00e7men taraf\u0131ndan anla\u015f\u0131lmaz hale gelmi\u015f bulunuyor. Sosyal demokrat gelenekler ve neoliberal esintili \u2018reform politikas\u0131\u2019 cenderesinde kalan siyasal orta sol projesi silik bir hale gelmi\u015ftir. Avrupa sosyal demokrasisinin savunma konumundan \u00e7\u0131kabilmesi i\u00e7in siyasi y\u00f6neli\u015flerini g\u00fcn\u00fcm\u00fcz ger\u00e7ekli\u011fiyle uyumlu hale getirmesi ve 21. y\u00fczy\u0131l toplumlar\u0131na uygun ba\u011f\u0131ms\u0131z bir siyasi vizyon sunmas\u0131 gerekiyor.<\/strong>\u201d<\/p>\n\n\n\n<p>Hillebrand\u2019\u0131n bu sosyal demokrasi vizyonu \u201cneoliberalizmin, ekonomizme dayal\u0131 insan modelinin ve t\u00fcketimcili\u011fin mutluluk vaadinin kar\u015f\u0131s\u0131na, egemen yurtta\u015flardan olu\u015fan bir toplum\u201d vizyonu olarak tarif ediyor. Hi\u00e7 ku\u015fkusuz bu ve buna benzer yenilenme \u00f6nerilerinin k\u00fcresel boyutta ele al\u0131nmas\u0131 ve sosyal demokrat partilerin \u00fcst \u00f6rg\u00fctlenmesi olan Sosyalist Enternasyonal, Avrupa Sosyalistleri Partisi \u2013PES- gibi partilerin aktif olmas\u0131 gerekir. Tabii bunun sa\u011flanabilmesi i\u00e7in Sosyalist Enternasyonal\u2019in kendi i\u00e7inde birli\u011fini yeniden sa\u011flamas\u0131 ve evrensel sorunlar\u0131n tart\u0131\u015f\u0131lmas\u0131n\u0131 aktif olarak organize etmesi gereklidir.<\/p>\n\n\n\n<p>\u0130deoloji ve program konular\u0131na ve parti i\u00e7i demokrasinin kurumsalla\u015fmas\u0131 ve parti i\u00e7i e\u011fitim konular\u0131na gereken a\u011f\u0131rl\u0131\u011f\u0131 vermeyen CHP\u2019nin gecikmeli de olsa kendi b\u00fcnyesinde s\u00fcrekli fikir tart\u0131\u015fmas\u0131n\u0131 canland\u0131racak bir \u201c<strong>Temel De\u011ferler Komisyonu<\/strong>\u201d olu\u015fturmas\u0131 faydal\u0131 olacakt\u0131r. \u00c7\u00fcnk\u00fc, neoliberal ve kimi partililerin ileri s\u00fcrd\u00fc\u011f\u00fc gibi sa\u011f-sol fark\u0131 son bulmu\u015f de\u011fil tam aksine sosyal ve ekonomik e\u015fitsizli\u011fin devaml\u0131 artmas\u0131 ile daha da derin ve \u00f6nemli hale gelmi\u015f bulunmaktad\u0131r.<\/p>\n\n\n\n<p>Nitekim bu saptamay\u0131 yapan kimi sosyal demokrat partiler yeni program ve vizyonlar\u0131 ile yeniden iktidar alternatifi olabilmektedir. Bu partilerin ba\u015f\u0131nda, <strong>Jeremy Corbyn<\/strong> ba\u015fkanl\u0131\u011f\u0131ndaki \u0130ngiltere \u0130\u015f\u00e7i Partisi gelmektedir. Sol de\u011ferleri ve eme\u011fi esas alan yeni program\u0131nda bu parti oylar\u0131n\u0131 y\u00fczde 40\u2019a \u00e7\u0131karabilmi\u015f ve iktidardaki muhafazakarlarla -y\u00fczde 42- aras\u0131ndaki fark\u0131 kapatabilmi\u015ftir.<\/p>\n\n\n\n<h2 class=\"wp-block-heading\"><strong>\u00d6rg\u00fcsel kimli\u011fin yenilenmesine y\u00f6nelik reformlar<\/strong><\/h2>\n\n\n\n<p>Sosyal demokrat partilerin sol de\u011ferlere ba\u011fl\u0131 yeni programlar ve yeni vizyon tart\u0131\u015fmalar\u0131n\u0131n yan\u0131 s\u0131ra \u00f6rg\u00fctsel kimliklerini de g\u00f6zden ge\u00e7irmeleri ve yenilemeleri konusu da \u00f6nem ta\u015f\u0131yor. Sosyal demokrat partiler kendilerini ister halk partileri, ister kitle partileri, ister i\u015f\u00e7i partileri olarak adland\u0131rs\u0131n \u00f6rg\u00fct yap\u0131lar\u0131n\u0131, i\u015fleyi\u015flerini, yurtta\u015flar ve sendikalar ba\u015fta olmak \u00fczere sivil toplum \u00f6rg\u00fctleri ile ili\u015fkilerini peki\u015ftirme ve s\u00fcrekli k\u0131lma aray\u0131\u015flar\u0131n\u0131 s\u00fcrd\u00fcrmekteler.<\/p>\n\n\n\n<p>Bilindi\u011fi gibi sosyal demokrat partiler yaln\u0131zca se\u00e7men de\u011fil, \u00fcye de kaybetmekteler. Bu partiler bir yandan i\u015f\u00e7ilerden, \u00e7al\u0131\u015fan t\u00fcm kesimlerden yeni \u00fcyeler kazand\u0131rmaya \u00e7al\u0131\u015f\u0131rken di\u011fer yandan \u00fcyelerin program ve aday belirleme konular\u0131ndaki kat\u0131l\u0131mlar\u0131n\u0131 artt\u0131rmaya \u00e7al\u0131\u015fmaktalar. Sosyal demokrat partiler \u00fcye\/\u00f6rg\u00fct ve program partisi olma \u00f6zelliklerini geli\u015ftirmenin yollar\u0131n\u0131 ar\u0131yorlar. Yenilikler \u00fclkeden \u00fclkeye de\u011fi\u015fmekle birlikte cumhurba\u015fkan\u0131 ile ba\u015fbakan adaylar\u0131n\u0131n ve genel ba\u015fkan adaylar\u0131n\u0131n \u00fcyelerce belirlenmesi, koalisyon protokollerinin \u00fcyelerin onay\u0131na sunulmas\u0131, Fransa\u2019da oldu\u011fu gibi cumhurba\u015fkan\u0131 adaylar\u0131 \u00f6nse\u00e7imine parti sempatizanlar\u0131n\u0131n ve \u00fcyelerinin dahil edilmesi, parti \u00e7al\u0131\u015fma grup ve komisyonlar\u0131nda yurtta\u015flara da kat\u0131l\u0131m ve s\u00f6z hakk\u0131 tan\u0131nmas\u0131, sendika ve sivil toplum ili\u015fkileri ile s\u00fcreklili\u011fi olan ortak platformlar olu\u015fturulmas\u0131 gibi y\u00f6ntemlerle parti i\u00e7i demokrasi ve kat\u0131l\u0131m\u0131 g\u00fc\u00e7lendirmeye \u00e7al\u0131\u015fmaktalar.<\/p>\n\n\n\n<p>Sosyal demokrat CHP\u2019nin, program\u0131n\u0131n yan\u0131 s\u0131ra \u00f6rg\u00fctsel kimli\u011fini de g\u00fc\u00e7lendirmesi bir \u00fcye\/\u00f6rg\u00fct ve program partisine d\u00f6n\u00fc\u015fmesi, parti i\u00e7i demokrasi ve kat\u0131l\u0131m\u0131 kurumsalla\u015ft\u0131rmas\u0131 i\u00e7in gerekli reformlar\u0131 yapmas\u0131 art\u0131k ka\u00e7\u0131n\u0131lmazd\u0131r. Sosyal Demokrat Dergi\u2019nin bundan sonraki say\u0131lar\u0131nda bu konular\u0131 i\u00e7erikli ve yap\u0131c\u0131 bi\u00e7imde tart\u0131\u015fmak sosyal demokrasiye g\u00fc\u00e7 katacakt\u0131r.<\/p>\n\n\n\n<p><em>Sosyal Demokrat Dergi (18 Aral\u0131k 2018)<\/em><\/p>\n","protected":false},"excerpt":{"rendered":"<p>K\u00fcreselle\u015fme kar\u015f\u0131s\u0131nda sosyal demokratlar\u0131n ortak bir politika belirleyememeleri, Avrupa Birli\u011fi\u2019nin bir t\u00fcrl\u00fc sosyal dayan\u0131\u015fmac\u0131, \u00e7ok k\u00fclt\u00fcrl\u00fc ve bar\u0131\u015f\u0131n tesisinde etkili bir birlik haline d\u00f6n\u00fc\u015ft\u00fcr\u00fclememesi de sosyal demokrasinin gerilemesinde \u00f6nemli bir rol oynad\u0131.<\/p>\n","protected":false},"author":2,"featured_media":749,"comment_status":"open","ping_status":"open","sticky":false,"template":"","format":"standard","meta":{"_jetpack_memberships_contains_paid_content":false,"footnotes":"","jetpack_publicize_message":"","jetpack_publicize_feature_enabled":true,"jetpack_social_post_already_shared":true,"jetpack_social_options":{"image_generator_settings":{"template":"highway","default_image_id":0,"font":"","enabled":false},"version":2}},"categories":[12,131],"tags":[72,73,74,70,71,45],"class_list":["post-748","post","type-post","status-publish","format-standard","has-post-thumbnail","hentry","category-sosyaldemokrasi","category-sddergi","tag-kuresellesme","tag-neoliberal-politikalar","tag-ortanin-solu","tag-sosyal-demokrasi","tag-sosyal-demokrasinin-krizi","tag-yeniden-yapilanma"],"jetpack_publicize_connections":[],"jetpack_featured_media_url":"http:\/\/www.ercankarakas.com\/wp-content\/uploads\/2025\/06\/sd-krizi.webp","jetpack_sharing_enabled":true,"_links":{"self":[{"href":"http:\/\/www.ercankarakas.com\/index.php?rest_route=\/wp\/v2\/posts\/748","targetHints":{"allow":["GET"]}}],"collection":[{"href":"http:\/\/www.ercankarakas.com\/index.php?rest_route=\/wp\/v2\/posts"}],"about":[{"href":"http:\/\/www.ercankarakas.com\/index.php?rest_route=\/wp\/v2\/types\/post"}],"author":[{"embeddable":true,"href":"http:\/\/www.ercankarakas.com\/index.php?rest_route=\/wp\/v2\/users\/2"}],"replies":[{"embeddable":true,"href":"http:\/\/www.ercankarakas.com\/index.php?rest_route=%2Fwp%2Fv2%2Fcomments&post=748"}],"version-history":[{"count":1,"href":"http:\/\/www.ercankarakas.com\/index.php?rest_route=\/wp\/v2\/posts\/748\/revisions"}],"predecessor-version":[{"id":750,"href":"http:\/\/www.ercankarakas.com\/index.php?rest_route=\/wp\/v2\/posts\/748\/revisions\/750"}],"wp:featuredmedia":[{"embeddable":true,"href":"http:\/\/www.ercankarakas.com\/index.php?rest_route=\/wp\/v2\/media\/749"}],"wp:attachment":[{"href":"http:\/\/www.ercankarakas.com\/index.php?rest_route=%2Fwp%2Fv2%2Fmedia&parent=748"}],"wp:term":[{"taxonomy":"category","embeddable":true,"href":"http:\/\/www.ercankarakas.com\/index.php?rest_route=%2Fwp%2Fv2%2Fcategories&post=748"},{"taxonomy":"post_tag","embeddable":true,"href":"http:\/\/www.ercankarakas.com\/index.php?rest_route=%2Fwp%2Fv2%2Ftags&post=748"}],"curies":[{"name":"wp","href":"https:\/\/api.w.org\/{rel}","templated":true}]}}