{"id":757,"date":"2018-02-21T10:34:00","date_gmt":"2018-02-21T10:34:00","guid":{"rendered":"https:\/\/www.ercankarakas.com\/?p=757"},"modified":"2025-07-07T12:26:13","modified_gmt":"2025-07-07T12:26:13","slug":"sosyal-demokrasinin-sorunlari-ve-gelecegi","status":"publish","type":"post","link":"http:\/\/www.ercankarakas.com\/?p=757","title":{"rendered":"Sosyal Demokrasinin Sorunlar\u0131 ve Gelece\u011fi"},"content":{"rendered":"\n<p>Sosyal Demokrasinin kriz i\u00e7erisinde oldu\u011fu bir ger\u00e7ek. Bu kriz, hem sosyal demokrasinin do\u011fdu\u011fu Avrupa \u00fclkelerinde, hem de T\u00fcrkiye gibi geli\u015fmekte olan \u00fclkelerde ya\u015fanan bir kriz.<\/p>\n\n\n\n<p>Ya\u015fanan krizin somut belirtisi ise, sosyal demokrat partilerin -ba\u015fta Avrupa olmak \u00fczere- bir\u00e7ok \u00fclkede iktidar m\u00fccadelesinde geriye d\u00fc\u015fm\u00fc\u015f olmalar\u0131d\u0131r.<\/p>\n\n\n\n<p>21.y\u00fczy\u0131l ba\u015flarken, o s\u00fcre\u00e7teki 15 Avrupa Birli\u011fi (AB) \u00fclkesinin d\u00f6rtte \u00fc\u00e7\u00fcnde sosyal demokratlar iktidardayd\u0131. Bug\u00fcne geldi\u011fimizde durum tam tersi g\u00f6r\u00fcn\u00fcyor. \u015eu an 28 AB \u00fclkesinin yaln\u0131zca 5-6\u2019s\u0131nda sosyal demokrat h\u00fck\u00fcmetler i\u015f ba\u015f\u0131nda. \u00d6zellikle Almanya, Fransa gibi sosyal demokrasinin uzun y\u0131llar belirleyici oldu\u011fu \u00fclkelerde sosyal demokrat partilerin b\u00fcy\u00fck g\u00fc\u00e7 kaybetmesi endi\u015fe verici boyutta.<\/p>\n\n\n\n<p>Bu iki \u00fclkeye \u0130ngiltere\u2019yi de katmamam\u0131z\u0131n nedeni, \u0130ngiltere \u0130\u015f\u00e7i Partisi\u2019nin yeni lider Jeremy Corbyn ile 8 Haziran 2017 de yap\u0131lan se\u00e7imde oylar\u0131n %40\u2019a y\u00fckseltmi\u015f ve b\u00f6ylece iktidarda bulunan muhalefette aras\u0131ndaki oy fark\u0131n\u0131 %20\u2019den, %2 ye d\u00fc\u015f\u00fcrm\u00fc\u015f olmas\u0131d\u0131r. Corbyn\u2019in bu ba\u015far\u0131s\u0131, t\u00fcm sosyal demokratlarca incelenmesi ve ders al\u0131nmas\u0131 gereken bir ba\u015far\u0131d\u0131r. Bu ba\u015far\u0131n\u0131n nedeni, esas olarak 1997\u2019de Tony Blair taraf\u0131ndan ortaya at\u0131lan \u201c3. Yol\u201d politikas\u0131n\u0131n tamamen terk edilmesi ve sol de\u011ferlerin \u00f6ne \u00e7\u0131kar\u0131lmas\u0131yla ilgilidir.<\/p>\n\n\n\n<h2 class=\"wp-block-heading\"><strong>Krizden ka\u00e7\u0131nman\u0131n yollar\u0131<\/strong><\/h2>\n\n\n\n<p>Bilindi\u011fi gibi, sosyal demokrat hareket i\u00e7erisinde \u0130ngiltere kaynakl\u0131 olarak, \u201c<strong>3. Yol<\/strong>\u201d ad\u0131yla sosyal demokrat de\u011ferleri dikkate almayan \u201c<strong>pragmatik<\/strong>\u201d bir program Almanya\u2019da da \u201c<strong>Yeni Merkez<\/strong>\u201d tan\u0131mlamas\u0131yla aynen y\u00fcr\u00fcrl\u00fc\u011fe koymu\u015ftu.<\/p>\n\n\n\n<p>Bu program Hollanda, \u0130talya, Norve\u00e7 vb. \u00fclkelerde de etkili olmu\u015ftu. Ancak 3. Yol s\u00f6ylemiyle iktidara gelen sosyal demokrat partilerin iktidarlar\u0131 \u00e7ok uzun s\u00fcrmemi\u015fti. \u00c7\u00fcnk\u00fc neoliberal d\u00fcnyadan esinlenen programlar\u0131, \u00e7al\u0131\u015fan kesimlerin mevcut sosyal ve ekonomik haklar\u0131n\u0131 tart\u0131\u015fma konusu yapan uygulamalar i\u00e7eriyordu. Sosyal demokrat partileri destekleyen kitleler daha \u00e7ok e\u015fitlik beklerken,&nbsp; kazan\u0131lm\u0131\u015f haklar\u0131n\u0131n yok olmas\u0131na, sosyal demokrat partilere oy vermeyerek, sand\u0131\u011fa gitmeyerek ve hatta bu partilerden istifa ederek sert tepki g\u00f6stermi\u015flerdi.<\/p>\n\n\n\n<p>Sosyal demokrat partilerin bug\u00fcn i\u00e7erisinde bulundu\u011fu krizin ba\u015flang\u0131c\u0131, \u201c<strong>3. Yol<\/strong>\u201d politikalar\u0131n\u0131n bir\u00e7ok \u00fclkede y\u00fcr\u00fcrl\u00fc\u011fe konulmas\u0131yla ortaya \u00e7\u0131kt\u0131. Bu durumu, Hollanda \u0130\u015f\u00e7i Partisi\u2019nin eski lideri <strong>Wouter Bos<\/strong>, 25 Ocak 2010\u2019da Amsterdam\u2019da yapt\u0131\u011f\u0131 bir konu\u015fmada; \u201c<strong>3. Yol ilericileri, makul bir \u015fekilde denetlenen bir serbest piyasan\u0131n varl\u0131\u011f\u0131 ko\u015fullar\u0131nda yata\u011fa gittiler; uyand\u0131klar\u0131nda ise zincirlerinden bo\u015fanm\u0131\u015f bir canavarla kar\u015f\u0131la\u015ft\u0131lar<\/strong>\u201d diyerek, yap\u0131lan yanl\u0131\u015f\u0131 cesaretle ortaya koymu\u015ftu. Bos; \u201c<strong>Neoliberaller, uzun s\u00fcre k\u00fcreselle\u015fmenin, ba\u015f\u0131m\u0131za nereden geldi\u011fi bilinmeyen ve ka\u00e7\u0131n\u0131lmaz bir s\u00fcre\u00e7 oldu\u011funa bizleri inand\u0131rmaya \u00e7al\u0131\u015ft\u0131lar<\/strong>\u201d diyerek \u00f6zele\u015ftiriyi derinle\u015ftirmi\u015fti. Sonu\u00e7ta, serbest piyasac\u0131lar\u0131n planlad\u0131klar\u0131 gibi, ortama \u201c<strong>Gittik\u00e7e b\u00fcy\u00fcyen bir Anglosakson ekonomik sistem, gittik\u00e7e k\u00fc\u00e7\u00fclen bir kamu sekt\u00f6r\u00fc ve gittik\u00e7e \u00f6zg\u00fcrle\u015fen piyasalar\u0131n hakim oldu\u011funa<\/strong>\u201d vurgu yapm\u0131\u015ft\u0131.<\/p>\n\n\n\n<figure class=\"wp-block-image size-full\"><img fetchpriority=\"high\" decoding=\"async\" width=\"640\" height=\"311\" src=\"http:\/\/www.ercankarakas.com\/wp-content\/uploads\/2025\/06\/Wouter-Bos.jpg\" alt=\"\" class=\"wp-image-759\" srcset=\"http:\/\/www.ercankarakas.com\/wp-content\/uploads\/2025\/06\/Wouter-Bos.jpg 640w, http:\/\/www.ercankarakas.com\/wp-content\/uploads\/2025\/06\/Wouter-Bos-300x146.jpg 300w\" sizes=\"(max-width: 640px) 100vw, 640px\" \/><figcaption class=\"wp-element-caption\">Wouter Bos<\/figcaption><\/figure>\n\n\n\n<p>Bos\u2019un ve benzerlerinin, neoliberal hegemonyan\u0131n sosyal demokrasi \u00fczerindeki y\u0131k\u0131c\u0131 etkilerini a\u00e7\u0131k y\u00fcreklilikle ortaya koymu\u015f olmalar\u0131, sosyal demokrasinin bundan sonra izlemesi gereken yolu da g\u00f6stermi\u015f oluyor. Bos bunu \u015f\u00f6yle ifade ediyor; \u201c<strong>S\u00fcre\u00e7 i\u00e7inde \u015funa kani oldum ki, bazen kamu yarar\u0131n\u0131 piyasalardan korumak, kamu yarar\u0131na zarar vermemek amac\u0131yla piyasalar\u0131 evcille\u015ftirmeye te\u015febb\u00fcs etmekten daha kolay ve daha iyidir.<\/strong>\u201d Bos\u2019un bu tespitlerini, di\u011fer sosyal demokrat partilerin sol kanat politikac\u0131lar\u0131n\u0131n ve sendikac\u0131lar\u0131n analizlerinde de g\u00f6rmek m\u00fcmk\u00fcn.<\/p>\n\n\n\n<p>Bu analizler, ilericilik ve reform kurumlar\u0131n\u0131n \u00e7arp\u0131t\u0131larak geni\u015f halk kesimlerinin kazan\u0131lm\u0131\u015f sosyal ve ekonomik haklar\u0131n\u0131n geriletilmesinin sosyal demokrat partilere b\u00fcy\u00fck zarar verdi\u011fi konusunda hemfikirler. Sol partiler, siyaset bilimciler, sosyal demokrat vak\u0131flar son 10-15 y\u0131ld\u0131r \u00e7e\u015fitli forumlarda bir araya gelerek gerilemenin nedenlerini analiz etmeye \u00e7al\u0131\u015ft\u0131lar. Ortaya \u00e7e\u015fitli raporlar \u00e7\u0131kt\u0131. Bu forumlarda \u201c<strong>ne yapmal\u0131?<\/strong>\u201d sorusu da tart\u0131\u015f\u0131ld\u0131.<\/p>\n\n\n\n<p>Bu \u00e7al\u0131\u015fmalarda \u00fczerinde mutabakat sa\u011flanan g\u00f6r\u00fc\u015fleri \u015f\u00f6yle \u00f6zetlemek m\u00fcmk\u00fcn: Neoliberallerin ileri s\u00fcrd\u00fckleri gibi SSCB\u2019nin da\u011f\u0131lmas\u0131 ile sol-sosyal demokrasi bitmi\u015f de\u011fildir. Tam aksine sol politikalara ihtiya\u00e7 daha da artm\u0131\u015ft\u0131r. \u00c7\u00fcnk\u00fc var olan e\u015fitsizlikler, piyasac\u0131 k\u00fcreselle\u015fme denilen s\u00fcre\u00e7te daha da artmaktad\u0131r. Sosyal demokrasi, \u00f6zg\u00fcrl\u00fck i\u00e7erisinde s\u00fcrekli bir e\u015fitlik aray\u0131\u015f\u0131 oldu\u011funa g\u00f6re onun de\u011ferleri ve hedefleri bug\u00fcn i\u00e7in de ge\u00e7erlidir.<\/p>\n\n\n\n<p>Nitekim yap\u0131lan t\u00fcm ara\u015ft\u0131rmalar sosyal demokrasinin; \u00f6zg\u00fcrl\u00fck, e\u015fitlik, dayan\u0131\u015fma, demokrasi, sosyal devlet, bar\u0131\u015f, eme\u011fin korunmas\u0131, kad\u0131n erkek e\u015fitli\u011fi, do\u011fal \u00e7evrenin korunmas\u0131 gibi temel de\u011fer ve hedeflerinin toplumlar taraf\u0131ndan benimsendi\u011fini g\u00f6steriyor. Dolay\u0131s\u0131yla sosyal demokrasi, bu temel ilkelere ve hedeflere dayal\u0131 siyaset anlay\u0131\u015f\u0131n\u0131 korumal\u0131, program ve stratejilerini temel ilkelerinin rehberli\u011finde yenilemelidir. Yeni meydan okumalara yeni yan\u0131tlar \u00fcretmelidir.<\/p>\n\n\n\n<h2 class=\"wp-block-heading\"><strong>Sosyal demokrat \u00f6neriler<\/strong><\/h2>\n\n\n\n<p>Bu \u00e7er\u00e7evede, sol partiler piyasan\u0131n \u201c<strong>b\u0131rak\u0131n\u0131z yaps\u0131nlar<\/strong>\u201d anlay\u0131\u015f\u0131na kararl\u0131l\u0131kla kar\u015f\u0131 durmal\u0131; toplumun piyasa toplumuna d\u00f6n\u00fc\u015ft\u00fcr\u00fclmesine izin vermemelidir. Bu partiler;<\/p>\n\n\n\n<ul class=\"wp-block-list\">\n<li>\u0130nsani de\u011ferleri hi\u00e7bir \u015fekilde piyasan\u0131n k\u00f6r g\u00fcd\u00fcs\u00fcne b\u0131rakmamal\u0131; e\u011fitim, sa\u011fl\u0131k, sosyal g\u00fcvenlik, k\u00fclt\u00fcr hizmetlerinden vazge\u00e7memeliler. Bu hizmetler bir meta haline getirilmesine kar\u015f\u0131 m\u00fccadele etmeliler.<\/li>\n\n\n\n<li>\u00c7ocuklar\u0131n, ya\u015fl\u0131lar\u0131n, engellilerin kamu taraf\u0131ndan desteklenmesi sa\u011flamal\u0131lar.<\/li>\n\n\n\n<li>Programlar\u0131ndan yer alan kad\u0131n erkek e\u015fitli\u011fini -ba\u015fta partide olmak \u00fczere- her alanda sa\u011flamay\u0131 g\u00f6rev bilmeliler.<\/li>\n\n\n\n<li>Neoliberal k\u00fcreselle\u015fmenin demokratik denetim alt\u0131na al\u0131nmas\u0131n\u0131, kurallara ba\u011flanmas\u0131n\u0131 savunmal\u0131lar. Ortaya \u00e7\u0131kan zenginliklerin adaletli payla\u015f\u0131m\u0131na y\u00f6nelik yeni politikalar geli\u015ftirmeliler.<\/li>\n\n\n\n<li>D\u00fcnya siyasetini uluslararas\u0131 \u015firketlerin y\u00f6nlendirmesine kar\u015f\u0131 durmal\u0131lar. Demokratik siyasetin ve ulusal h\u00fck\u00fcmetlerin belirleyicili\u011fini savunmal\u0131lar.<\/li>\n\n\n\n<li>\u0130nsan haklar\u0131 ihlallerine her yerde aktif olarak kar\u015f\u0131 \u00e7\u0131kmal\u0131 ve hukuk devletini g\u00fc\u00e7lendirmek i\u00e7in m\u00fccadele etmeliler.<\/li>\n\n\n\n<li>Demokrasinin derinle\u015fmesini, kat\u0131l\u0131mc\u0131 hale gelmesi i\u00e7in m\u00fccadele vermeliler. Demokrasiye ge\u00e7i\u015f \u00e7abas\u0131ndaki toplumlara destek olmal\u0131lar.<\/li>\n\n\n\n<li>Ya\u015fam\u0131n do\u011fal temeli olan \u00e7evreyi korumay\u0131 ve onu tahrip eden teknolojik ekonomik olgular\u0131 \u00f6nlemeyi g\u00f6rev bilmeliler.<\/li>\n\n\n\n<li>Irk\u00e7\u0131l\u0131kla, yabanc\u0131 d\u00fc\u015fmanl\u0131\u011f\u0131 ile m\u00fccadele etmeli; farkl\u0131 k\u00fclt\u00fcrlerin bir arada olmas\u0131n\u0131 zenginlik kabul etmeliler.<\/li>\n\n\n\n<li>Herkes iyi i\u015f ilkesini savunmal\u0131, a\u00e7l\u0131k ve yoksullu\u011fu ortadan kald\u0131rmay\u0131 daha \u00e7ok kaynak ay\u0131rmal\u0131d\u0131r.<\/li>\n\n\n\n<li>Koruyucu sosyal devleti geli\u015ftirerek devam ettirmeliler.<\/li>\n\n\n\n<li>Tek kutuplu bir d\u00fcnya yaratmak isteyen emperyalist politikalara kar\u015f\u0131 \u00e7\u0131kmal\u0131, e\u015fitlerin adaletli ve bar\u0131\u015f\u00e7\u0131 d\u00fcnyas\u0131n\u0131 savunmal\u0131d\u0131rlar.<\/li>\n\n\n\n<li>Bu \u00e7er\u00e7evede; BM, D\u00fcnya Bankas\u0131, IMF vb. uluslararas\u0131 kurulu\u015flar\u0131 demokratik bir yap\u0131ya kavu\u015fturmak i\u00e7in m\u00fccadele etmeliler.<\/li>\n\n\n\n<li>Demokratik i\u015fleyi\u015fe sahip b\u00f6lgesel i\u015fbirliklerini te\u015fvik etmeliler. AB\u2019nin, yurtta\u015flar\u0131n Avrupas\u0131 olmas\u0131na; demokratik ve \u00e7ok k\u00fclt\u00fcrl\u00fc bir i\u015fleyi\u015f edinmesine \u00f6nc\u00fcl\u00fck etmeliler.<\/li>\n\n\n\n<li>Silahs\u0131zlanma \u00e7abalar\u0131na \u00f6nc\u00fcl\u00fck etmeliler. Vesayet sava\u015flar\u0131na kar\u015f\u0131 tav\u0131r almal\u0131lar. Bar\u0131\u015ftan ve uluslararas\u0131 dayan\u0131\u015fmadan yana olmal\u0131lar.<\/li>\n\n\n\n<li>Siyasetin demokratikle\u015fmesine, yurtta\u015flar\u0131n kat\u0131l\u0131m\u0131na a\u00e7\u0131lmas\u0131na \u00f6zel \u00f6nem vermeliler; parti i\u00e7inde de demokrasiyi ve kat\u0131l\u0131m\u0131 esas almal\u0131lar. Kad\u0131nlar\u0131n e\u015fit kat\u0131l\u0131m\u0131na \u00f6nc\u00fcl\u00fck etmeliler.<\/li>\n\n\n\n<li>Sosyal demokrat partiler aras\u0131ndaki i\u015f ve g\u00fc\u00e7 birli\u011fini geli\u015ftirmeliler. Evrensel sorunlar\u0131n \u00e7\u00f6z\u00fcm\u00fcne birlikte katk\u0131da bulunacak mekanizmalar\u0131 olu\u015fturmal\u0131lar. Bu \u00e7er\u00e7evede Sosyalist Enternasyonal\u2019i daha etkili olacak bi\u00e7imde yeniden yap\u0131land\u0131rmal\u0131lar.<\/li>\n<\/ul>\n\n\n\n<p>Yukar\u0131daki saptamalar ve \u00f6neriler elbette T\u00fcrkiye sosyal demokrat hareketini de kapsamaktad\u0131r. Tabii T\u00fcrkiye siyasi k\u00fclt\u00fcr\u00fcnden dolay\u0131 bize \u00f6zg\u00fc sorunlar\u0131n da dikkate al\u0131nmas\u0131 gerekir. Buna ili\u015fkin g\u00f6r\u00fc\u015fleri sosyal demokrat derginin gelecek say\u0131s\u0131nda okuyucularla payla\u015fmay\u0131 planl\u0131yoruz.<\/p>\n\n\n\n<p><a href=\"https:\/\/www.sosyaldemokratdergi.org\/\">Sosyal Demokrat Dergi<\/a> (21 \u015eubat 2018)<\/p>\n\n\n\n<p><\/p>\n","protected":false},"excerpt":{"rendered":"<p>Sosyal demokrat partilerin bug\u00fcn i\u00e7erisinde bulundu\u011fu krizin ba\u015flang\u0131c\u0131, \u201c3. Yol\u201d politikalar\u0131n\u0131n bir\u00e7ok \u00fclkede y\u00fcr\u00fcrl\u00fc\u011fe konulmas\u0131yla ortaya \u00e7\u0131kt\u0131.<\/p>\n","protected":false},"author":2,"featured_media":758,"comment_status":"open","ping_status":"open","sticky":false,"template":"","format":"standard","meta":{"_jetpack_memberships_contains_paid_content":false,"footnotes":"","jetpack_publicize_message":"","jetpack_publicize_feature_enabled":true,"jetpack_social_post_already_shared":true,"jetpack_social_options":{"image_generator_settings":{"template":"highway","default_image_id":0,"font":"","enabled":false},"version":2}},"categories":[12],"tags":[76,77,70,71,78,45],"class_list":["post-757","post","type-post","status-publish","format-standard","has-post-thumbnail","hentry","category-sosyaldemokrasi","tag-3-yol","tag-ne-yapmali","tag-sosyal-demokrasi","tag-sosyal-demokrasinin-krizi","tag-wouter-bos","tag-yeniden-yapilanma"],"jetpack_publicize_connections":[],"jetpack_featured_media_url":"http:\/\/www.ercankarakas.com\/wp-content\/uploads\/2025\/06\/sd-gelecegi.webp","jetpack_sharing_enabled":true,"_links":{"self":[{"href":"http:\/\/www.ercankarakas.com\/index.php?rest_route=\/wp\/v2\/posts\/757","targetHints":{"allow":["GET"]}}],"collection":[{"href":"http:\/\/www.ercankarakas.com\/index.php?rest_route=\/wp\/v2\/posts"}],"about":[{"href":"http:\/\/www.ercankarakas.com\/index.php?rest_route=\/wp\/v2\/types\/post"}],"author":[{"embeddable":true,"href":"http:\/\/www.ercankarakas.com\/index.php?rest_route=\/wp\/v2\/users\/2"}],"replies":[{"embeddable":true,"href":"http:\/\/www.ercankarakas.com\/index.php?rest_route=%2Fwp%2Fv2%2Fcomments&post=757"}],"version-history":[{"count":2,"href":"http:\/\/www.ercankarakas.com\/index.php?rest_route=\/wp\/v2\/posts\/757\/revisions"}],"predecessor-version":[{"id":870,"href":"http:\/\/www.ercankarakas.com\/index.php?rest_route=\/wp\/v2\/posts\/757\/revisions\/870"}],"wp:featuredmedia":[{"embeddable":true,"href":"http:\/\/www.ercankarakas.com\/index.php?rest_route=\/wp\/v2\/media\/758"}],"wp:attachment":[{"href":"http:\/\/www.ercankarakas.com\/index.php?rest_route=%2Fwp%2Fv2%2Fmedia&parent=757"}],"wp:term":[{"taxonomy":"category","embeddable":true,"href":"http:\/\/www.ercankarakas.com\/index.php?rest_route=%2Fwp%2Fv2%2Fcategories&post=757"},{"taxonomy":"post_tag","embeddable":true,"href":"http:\/\/www.ercankarakas.com\/index.php?rest_route=%2Fwp%2Fv2%2Ftags&post=757"}],"curies":[{"name":"wp","href":"https:\/\/api.w.org\/{rel}","templated":true}]}}