{"id":923,"date":"2020-02-03T16:21:00","date_gmt":"2020-02-03T16:21:00","guid":{"rendered":"https:\/\/www.ercankarakas.com\/?p=923"},"modified":"2025-11-11T16:29:10","modified_gmt":"2025-11-11T16:29:10","slug":"spdde-yeni-donem","status":"publish","type":"post","link":"http:\/\/www.ercankarakas.com\/?p=923","title":{"rendered":"SPD\u2019de Yeni D\u00f6nem"},"content":{"rendered":"\n<p>Derin bir kriz i\u00e7erisinde olan <strong>Almanya Sosyal Demokrat Partisi<\/strong>\u2019nin (SPD) ola\u011fan kurultay\u0131 6-8 Kas\u0131m 2019 tarihlerinde Berlin\u2019de ger\u00e7ekle\u015fti. Parti y\u00f6netimi, kurultaydan \u00e7ok \u00f6nce, partinin e\u015f ba\u015fkanl\u0131k sistemini uygulayaca\u011f\u0131n\u0131 ve kurultaya sunulacak e\u015f ba\u015fkanlar\u0131n \u00fcyelerin oylar\u0131yla belirlenece\u011fini duyurdu.<\/p>\n\n\n\n<p>Kurultaydan yakla\u015f\u0131k d\u00f6rt ay kadar \u00f6nce yar\u0131\u015fa girecek e\u015f ba\u015fkan adaylar\u0131 partiye ba\u015fvurdular. Ba\u015fvuran 12 e\u015f ba\u015fkan aday\u0131 i\u00e7in parti genel merkezince 23 b\u00f6lgede toplant\u0131lar d\u00fczenlendi. Bu toplant\u0131larda e\u015f genel ba\u015fkan adaylar\u0131 d\u00fc\u015f\u00fcncelerini \u00fcyelerle payla\u015ft\u0131lar ve \u00fcyelerin sorular\u0131n\u0131 yan\u0131tlad\u0131lar. Ard\u0131ndan iki tur olarak yap\u0131lan se\u00e7imleri Saskia Esken ve Norbert Walter-Borjans birinci olarak tamamlad\u0131lar. Kurultay\u0131n onay\u0131na sunulan bu ikili kurultay delegelerinin %70\u2019in \u00fczerinde oy alarak e\u015f ba\u015fkan se\u00e7ilmi\u015f oldular.<\/p>\n\n\n\n<p>SPD b\u00f6ylece, 156 y\u0131ll\u0131k tarihinde \u00f6nemli bir karar alarak, hem e\u015f ba\u015fkanl\u0131k sistemini getirmi\u015f hem de kurultaya sunulacak adaylar\u0131n belirlenmesini \u00fcyelere b\u0131rakm\u0131\u015f oldu. Asl\u0131nda bu yeni uygulamay\u0131, bir s\u00fcredir \u00fcye partisi niteli\u011fini geli\u015ftirmek i\u00e7in yap\u0131lan \u00f6rg\u00fct reformlar\u0131n\u0131n yeni ve kat\u0131l\u0131mc\u0131 bir ad\u0131m\u0131 olarak g\u00f6rmek gerekir. SPD, bu uygulamadan \u00f6nce, CDU\/CSU ile olu\u015fturulan B\u00fcy\u00fck Koalisyon\u2019a kat\u0131lma karar\u0131n\u0131 da \u00fcyelere b\u0131rakm\u0131\u015ft\u0131.<\/p>\n\n\n\n<p>Kurultayda g\u00f6reve getirilen e\u015f ba\u015fkanlar bug\u00fcne kadar partinin merkez y\u00f6netiminde ve parlamento grubunda g\u00f6rev alm\u0131\u015f ve \u00f6ne \u00e7\u0131km\u0131\u015f ki\u015filer de\u011fil. Uzun y\u0131llard\u0131r parti \u00fcyesi olan e\u015f ba\u015fkanlardan Esken, \u015fu an SPD parlamento grubunun \u00fcyesi, yani milletvekili. Di\u011fer e\u015f ba\u015fkan Walter-Borjans, 2000\u2019li y\u0131llarda Kuzey Ren Vestfalya Eyaleti SPD h\u00fck\u00fcmetinde maliye bakanl\u0131\u011f\u0131 g\u00f6revinde bulunmu\u015ftu. O nedenle bu sonu\u00e7, kamuoyu ve kimi partililerce s\u00fcrpriz olarak g\u00f6r\u00fcld\u00fc. Bu \u00e7evreler, y\u0131llard\u0131r oldu\u011fu gibi, B\u00fcy\u00fck Koalisyon h\u00fck\u00fcmetinde bakanl\u0131k g\u00f6revinde bulunan ya da parti merkez y\u00f6netiminde g\u00f6rev yapan adaylar\u0131n se\u00e7ilece\u011fini tahmin ediyorlard\u0131.<\/p>\n\n\n\n<p>\u00dcyeler ve kurultay delegeleri bu yeni aday belirleme y\u00f6ntemine destek verdiler. Kurultayda elbette partinin i\u00e7inde bulundu\u011fu krizden \u00e7\u0131kmas\u0131 i\u00e7in neler yap\u0131lmas\u0131 gerekti\u011fi, Merkel\u2019in \u015fans\u00f6lyeli\u011finde devam eden B\u00fcy\u00fck Koalisyon\u2019un s\u00fcrd\u00fcr\u00fcl\u00fcp s\u00fcrd\u00fcr\u00fclmeyece\u011fi gibi konular da tart\u0131\u015f\u0131ld\u0131. Se\u00e7ilen e\u015f ba\u015fkanlar adayl\u0131k kampanyas\u0131 s\u0131ras\u0131nda yapt\u0131klar\u0131 konu\u015fmalarda SPD\u2019nin yerinin merkez de\u011fil solda oldu\u011funu; B\u00fcy\u00fck Kolisyon\u2019un sosyal, ekonomik ve ekolojik uygulamalar\u0131n\u0131n yetersiz olmas\u0131n\u0131n SPD\u2019ye zarar verdi\u011fini dile getirdiler. Sonu\u00e7ta, kurultayda h\u00fck\u00fcmetten \u00e7ekilmeyi \u00f6ng\u00f6ren bir karar al\u0131nmas\u0131 yerine h\u00fck\u00fcmet s\u00f6zle\u015fmesinin kimi noktalarda yenilenmesinin m\u00fczakere edilmesi uygun g\u00f6r\u00fcld\u00fc.<\/p>\n\n\n\n<p>Kurultayda ayr\u0131ca b\u00fcy\u00fck \u00e7o\u011funlu\u011fu parti \u00f6rg\u00fctlerinden gelen iki bin kadar karar tasar\u0131s\u0131 delegelerin onay\u0131na sunuldu.<\/p>\n\n\n\n<p>Kamuoyunda ve medyada, e\u015f genel ba\u015fkanl\u0131\u011fa Esken ve Walter-Borjans\u2019\u0131n se\u00e7ilmesi, SPD\u2019nin sola d\u00f6n\u00fc\u015f\u00fc \/ y\u00f6nelmesi olarak yorumland\u0131. Esasen se\u00e7ilen e\u015f ba\u015fkanlar\u0131n SPD\u2019nin sol kanad\u0131nda oldu\u011fu biliniyor. Nitekim partinin gen\u00e7lik kolu JUSOS\u2019lar (Gen\u00e7 Sosyalistler) ve onun karizmatik genel ba\u015fkan\u0131 Kelvin K\u00fchnert adayl\u0131k yar\u0131\u015f\u0131nda var g\u00fc\u00e7leriyle Esken ve Walter-Borjans\u2019\u0131n yan\u0131nda durmu\u015flard\u0131. 80 bin \u00fcyesi olan JUSOS\u2019nun bu sonucun al\u0131nmas\u0131nda \u00f6nemli katk\u0131s\u0131 oldu\u011fu biliniyor. 30 ya\u015f\u0131ndaki K\u00fchnert bir s\u00fcredir yapt\u0131\u011f\u0131 a\u00e7\u0131klamalarla kamuoyunun yak\u0131ndan tan\u0131d\u0131\u011f\u0131 bir isim haline geldi. Konut s\u0131k\u0131nt\u0131s\u0131n\u0131n a\u015f\u0131lmas\u0131 i\u00e7in b\u00fcy\u00fck sanayi kurulu\u015flar\u0131n\u0131n ve emlak devlerinin elindeki konutlar\u0131n kamula\u015ft\u0131r\u0131lmas\u0131n\u0131, kiralar\u0131n\u0131n kontrol alt\u0131na al\u0131nmas\u0131n\u0131, gelir b\u00f6l\u00fc\u015f\u00fcm\u00fcndeki adaletsizli\u011fin \u00f6nlenmesini ve toplumsal sorunlar\u0131n \u00e7\u00f6z\u00fcm\u00fcn\u00fcn demokratik sosyalizmde oldu\u011funu savunmu\u015ftu. K\u00fchnert, 2017 se\u00e7iminden sonra mevcut B\u00fcy\u00fck Kolisyon\u2019a SPD\u2019nin \u00fc\u00e7\u00fcnc\u00fc kez kat\u0131lmas\u0131na kar\u015f\u0131 parti \u00fcyeleri aras\u0131nda a\u00e7\u0131k kampanya y\u00fcr\u00fctm\u00fc\u015ft\u00fc.<\/p>\n\n\n\n<p>K\u00fchnert bu g\u00f6r\u00fc\u015flerini etkili ve heyecanl\u0131 bir bi\u00e7imde kurultayda tekrar dile getirdi. JUSO Ba\u015fkan\u0131 kurultay\u0131n onay\u0131 ile be\u015f genel ba\u015fkan yard\u0131mc\u0131s\u0131ndan biri oldu. Onun bu g\u00f6revi \u00fcstlenmesi, partinin sola y\u00f6nelmesine ve e\u015f ba\u015fkanlara do\u011frudan katk\u0131 sa\u011flayaca\u011f\u0131 \u015feklinde alg\u0131land\u0131. SPD\u2019nin bu yeni d\u00f6nemde partinin sol de\u011ferlere ba\u011fl\u0131 olarak ne \u00f6l\u00e7\u00fcde yenilenece\u011fi, koalisyonda devam etmesinin hangi ko\u015fullara ba\u011fl\u0131 olaca\u011f\u0131 \u015fu anda tam olarak bilinmiyor. Ancak bir \u015fey kesin; SPD\u2019nin orta\u011f\u0131 oldu\u011fu B\u00fcy\u00fck Koalisyon\u2019un mevcut tutumuyla bu \u015fekilde devam etmesi m\u00fcmk\u00fcn g\u00f6r\u00fcnm\u00fcyor. \u00c7\u00fcnk\u00fc, her \u015feyin oldu\u011fu gibi devam etmesi yeni y\u00f6netimi zor durumda b\u0131rak\u0131r. Ayr\u0131ca, kurultay esnas\u0131ndaki \u00f6l\u00e7\u00fcmlerde oyu %14\u2019lerde g\u00f6r\u00fclen SPD\u2019nin oylar\u0131 daha da d\u00fc\u015febilir.<\/p>\n\n\n\n<h2 class=\"wp-block-heading\"><strong>Sosyal demokrasinin ve SPD\u2019nin krizi<\/strong><\/h2>\n\n\n\n<p>SPD son yirmi y\u0131ld\u0131r s\u00fcrekli kan kaybediyor. Se\u00e7men ve \u00fcye say\u0131s\u0131 giderek d\u00fc\u015f\u00fcyor. Kendi toplumsal taban\u0131n\u0131 bir arada tutam\u0131yor. Asl\u0131nda solun, sosyal demokrasinin krizi SPD ile s\u0131n\u0131rl\u0131 de\u011fil. Avrupa\u2019n\u0131n di\u011fer \u00fclkelerinde de bir\u00e7ok sosyal demokrat parti benzer \u015feyleri ya\u015f\u0131yor. Nitekim 21. y\u00fczy\u0131l\u0131n ba\u015f\u0131nda o zaman 15 \u00fcyeli AB\u2019nin \u00e7o\u011fu \u00fclkesinde sosyal demokrat partiler iktidarda iken, bug\u00fcn ise 27 \u00fcyeli AB\u2019de iktidarda bulunan sosyal demokrat parti say\u0131s\u0131 5-6 \u00fclkeyle s\u0131n\u0131rl\u0131.<\/p>\n\n\n\n<p>\u00c7\u00fcnk\u00fc sosyal demokrat partiler k\u00fcreselle\u015fen kapitalizme kar\u015f\u0131 sosyal demokrat de\u011ferlere dayal\u0131 alternatif politikalar \u00fcretemediler. Bunun yerine, 1990\u2019lar\u0131n sonuna do\u011fru ba\u015fta \u0130ngiliz \u0130\u015f\u00e7i Partisi ve Almanya\u2019da SPD olmak \u00fczere bir\u00e7ok sosyal demokrat parti \u201c<strong>3. Yol<\/strong>\u201d, \u201c<strong>Yeni Sol<\/strong>\u201d, \u201c<strong>Yeni Merkez<\/strong>\u201d, \u201c<strong>modernle\u015fme<\/strong>\u201d etiketiyle hakim ideoloji haline gelmi\u015f olan neoliberalizmin r\u00fczgar\u0131na kap\u0131ld\u0131lar. Bu s\u00fcre\u00e7te, piyasa ekonomisi piyasa toplumuna d\u00f6n\u00fc\u015ft\u00fc. Sa\u011f iktidarlar sa\u011fl\u0131k, e\u011fitim, sosyal g\u00fcvenlik, bar\u0131nma vb. meta olmamas\u0131 gereken bir\u00e7ok \u015feyi meta haline getirdiler. Sonu\u00e7ta, Avrupa \u00fclkeleri dahil t\u00fcm \u00fclkelerde gelir ve servet b\u00f6l\u00fc\u015f\u00fcm\u00fcndeki adaletsizlik dayan\u0131lmaz boyutlara ula\u015ft\u0131. Se\u00e7menler, bu gidi\u015fat\u0131 engelleyemeyen sosyal demokrat partileri terk etmeye ba\u015flad\u0131lar. Sosyal demokrasi krizi b\u00f6yle ba\u015flad\u0131.<\/p>\n\n\n\n<h2 class=\"wp-block-heading\"><strong>SPD\u2019nin son 20 y\u0131l\u0131<\/strong><\/h2>\n\n\n\n<p>SPD, o zamanki sol r\u00fczgar\u0131n ve karizmatik parti lider <strong>Oskar Lafontaine<\/strong>\u2019in b\u00fcy\u00fck katk\u0131s\u0131yla 1998 se\u00e7imlerinde oylar\u0131n\u0131 %40,9\u2019a y\u00fckselterek birinci parti olmu\u015f ve Ye\u015fillerle bir koalisyon h\u00fck\u00fcmeti olu\u015fturmu\u015ftu. Parti i\u00e7i anla\u015fma gere\u011fi \u015fans\u00f6lye g\u00f6revini Schr\u00f6der \u00fcslenmi\u015f, h\u00fck\u00fcmet program\u0131n\u0131n olu\u015fumuna da destek veren Lafontaine de kabinede Maliye Bakan\u0131 olmu\u015ftu. Ancak Schr\u00f6der\u2019in, neoliberalizmin etkisiyle merkeze y\u00f6nelmesi; \u00e7al\u0131\u015fan kesimlerin sosyal ve ekonomik haklar\u0131n\u0131 geriletmeye y\u00f6nelik Agenda 2010 gibi s\u00f6zde reformlara y\u00f6nelmesi partide b\u00fcy\u00fck huzursuzluk yaratm\u0131\u015ft\u0131. Gidi\u015fata tepki g\u00f6steren parti lideri Lafontaine ve de \u00e7ok say\u0131daki sol kanat siyaset\u00e7i, sendikac\u0131 SPD\u2019den ayr\u0131lm\u0131\u015flar ve sonras\u0131nda da Sol Parti olu\u015fumuna kat\u0131lm\u0131\u015flard\u0131.<\/p>\n\n\n\n<p>Bu geli\u015fmeler sonucunda SPD\u2019nin oylar\u0131 her se\u00e7imde d\u00fc\u015f\u00fc\u015f g\u00f6sterdi. \u00d6zetlemek gerekirse; Schr\u00f6der, 2005 se\u00e7imlerinde Merkel\u2019e yenildi. Bu se\u00e7imde SPD\u2019nin oylar\u0131 %34,2\u2019ye d\u00fc\u015ft\u00fc. SPD muhalefete ge\u00e7ecek yerde CDU\/CSU ile B\u00fcy\u00fck Kolisyon kurup B\u00fcy\u00fck Koalisyon\u2019un k\u00fc\u00e7\u00fck orta\u011f\u0131 oldu. 4 y\u0131l sonraki 2009 se\u00e7imlerinde ise SPD\u2019nin oylar\u0131 %23\u2019e d\u00fc\u015ft\u00fc. Bu, SPD\u2019nin d\u00fcnya sava\u015f\u0131ndan sonra ald\u0131\u011f\u0131 en k\u00f6t\u00fc sonu\u00e7 oldu. Partide b\u00fcy\u00fck \u015fok ya\u015fand\u0131, \u00fcyeler merkez y\u00f6netimlerine b\u00fcy\u00fck tepki g\u00f6sterdiler. SPD toparlanmak, yenilenmek hedefiyle 2009 ile 2013 aras\u0131nda muhalefette kalmay\u0131 ye\u011fledi. Ancak gerekli radikal ad\u0131mlar at\u0131lmad\u0131\u011f\u0131 i\u00e7in SPD\u2019nin nin 2013 se\u00e7imlerine g\u00f6re %2,7 artarak %25,7\u2019 oldu. SPD y\u00f6netimi, parti taban\u0131n\u0131n b\u00fcy\u00fck b\u00f6l\u00fcm\u00fcn\u00fcn tepkisine ra\u011fmen, 2013\u2019de yeniden B\u00fcy\u00fck Koalisyon\u2019a kat\u0131ld\u0131. Bu d\u00f6nemin sonunda, yani 2017 se\u00e7imlerinde bu kez oylar\u0131 %20,2\u2019ye d\u00fc\u015ft\u00fc.<\/p>\n\n\n\n<p>Oysa SPD bu se\u00e7imlerde AB Parlamentosu Eski Ba\u015fkan\u0131 Martin Schulz\u2019dan \u00e7ok umutluydu. Schulz, kampanyada ana slogan olarak \u201cdaha \u00e7ok adalet zaman\u0131d\u0131r\u201d slogan\u0131n\u0131 kulland\u0131. Schulz, bununla Schr\u00f6der zaman\u0131nda \u00e7al\u0131\u015fanlar\u0131n sosyal ve ekonomik haklar\u0131n\u0131 ve sosyal devleti zay\u0131flatan Agenda 2010 ad\u0131yla yap\u0131lan d\u00fczenlemelerin tamamen kald\u0131r\u0131laca\u011f\u0131n\u0131 i\u015faret ediyordu. Schulz\u2019un bu vaatleri ve etkili kampanyas\u0131 \u00f6zellikle gen\u00e7lerden ve i\u015f\u00e7ilerden destek g\u00f6rd\u00fc. S\u00fcrekli \u00fcye kaybeden SPD\u2019ye bu s\u00fcre\u00e7te binlerce gen\u00e7 \u00fcye oldu. Kamuoyu yoklamalar\u0131, Schulz\u2019un \u00e7al\u0131\u015fmalar\u0131n\u0131n etkisine ba\u011fl\u0131 olarak oylar\u0131n %30\u2019lara \u00e7\u0131kt\u0131\u011f\u0131n\u0131 g\u00f6steriyordu.<\/p>\n\n\n\n<p>Bu geli\u015fmeden ve Schulz\u2019un vaatlerinden rahats\u0131z olan b\u00fcy\u00fck i\u015fveren kurulu\u015flar\u0131, INSM (Yeni Sosyal Piyasa Giri\u015fimi) ve Gesamt Metal (Genel Metal) -Ecevit d\u00f6neminden hat\u0131rlad\u0131\u011f\u0131m\u0131za benzer \u015fekilde- gazetelere ilanlar vererek Schulz\u2019un sosyal-ekonomik alandaki vaatlerini ele\u015ftirdiler. B\u00fcy\u00fck i\u015fveren \u00f6rg\u00fctlerinin ilanlar\u0131, asl\u0131nda meselenin hala emek-sermaye \u00e7eli\u015fkisi veya gelir-servet e\u015fitsizli\u011fi meselesi oldu\u011funu bir kez daha g\u00f6stermi\u015f oldu. T\u00fcm bu ya\u015fananlara ve Schulz\u2019un yaratt\u0131\u011f\u0131 umuda ra\u011fmen 2017 se\u00e7iminde de SPD\u2019nin oylar\u0131nda art\u0131\u015f olmad\u0131\u011f\u0131 gibi h\u00fcsran yaratan b\u00fcy\u00fck bir d\u00fc\u015f\u00fc\u015f oldu. Oylar bu kez %20,2\u2019ye d\u00fc\u015ft\u00fc.<\/p>\n\n\n\n<p>\u00d6zet olarak SPD, son 20 y\u0131l\u0131n &#8211;<em>2009-2013 aras\u0131 hari\u00e7<\/em>&#8211; b\u00fcy\u00fck kesiminde h\u00fck\u00fcmet sorumlulu\u011fu i\u00e7inde oldu. Bu 20 y\u0131l\u0131n sonunda SPD\u2019ye oy veren se\u00e7men say\u0131s\u0131 20 milyondan 9,5 milyona d\u00fc\u015ft\u00fc. Ayn\u0131 \u015fekilde bir milyona yak\u0131n olan \u00fcye say\u0131s\u0131 430 bine d\u00fc\u015ft\u00fc. Federal Parlamento se\u00e7imleri d\u0131\u015f\u0131ndaki eyalet se\u00e7imlerinde ve AB Parlamento se\u00e7imlerinde d\u00fc\u015f\u00fc\u015f daha da vahim oldu. 2018 AB Parlamento se\u00e7imlerinde SPD\u2019nin oyu %15\u2019e d\u00fc\u015ft\u00fc.<\/p>\n\n\n\n<p>Bu 20 y\u0131ll\u0131k s\u00fcrede SPD\u2019de yedi genel ba\u015fkan de\u011fi\u015fti. Baz\u0131lar\u0131 bir y\u0131l kadar g\u00f6revde kald\u0131lar. \u015eimdi SPD, d\u00fc\u015f\u00fc\u015f\u00fcn ya\u015fand\u0131\u011f\u0131 son 20 y\u0131lda sorumlulu\u011fu bulunmayan e\u015f ba\u015fkanlar taraf\u0131ndan y\u00f6netilecek; sorumluluk, tabii yeni merkez y\u00f6netimiyle birlikte art\u0131k onlarda. SPD\u2019nin, tekrar y\u00fckseli\u015fe ge\u00e7ebilmesi i\u00e7in \u00f6ncelikle neoliberalizmin etkisinden \u00e7\u0131kmas\u0131, kimleri ve neyi temsil etti\u011fini a\u00e7\u0131k olarak ortaya koymas\u0131 gerekmektedir.<\/p>\n\n\n\n<p><a href=\"https:\/\/www.sosyaldemokratdergi.org\/ercan-karakas-spdde-yeni-donem\/\">Sosyal Demokrat Dergi<\/a> (3 \u015eubat 2020)<\/p>\n\n\n\n<p><\/p>\n","protected":false},"excerpt":{"rendered":"<p>Almanya Sosyal Demokrat Partisi\u2019nin (SPD) ola\u011fan kurultay\u0131 6-8 Kas\u0131m 2019 tarihlerinde Berlin\u2019de ger\u00e7ekle\u015fti. Parti e\u015f ba\u015fkanl\u0131k sistemini uygulayaca\u011f\u0131n\u0131 ve kurultaya sunulacak e\u015f ba\u015fkanlar\u0131n \u00fcyelerin oylar\u0131yla belirlenece\u011fini duyurdu.<\/p>\n","protected":false},"author":2,"featured_media":924,"comment_status":"open","ping_status":"open","sticky":false,"template":"","format":"standard","meta":{"_jetpack_memberships_contains_paid_content":false,"footnotes":"","jetpack_publicize_message":"","jetpack_publicize_feature_enabled":true,"jetpack_social_post_already_shared":true,"jetpack_social_options":{"image_generator_settings":{"template":"highway","default_image_id":0,"font":"","enabled":false},"version":2}},"categories":[137,12,131],"tags":[139,91,141,70,143,142],"class_list":["post-923","post","type-post","status-publish","format-standard","has-post-thumbnail","hentry","category-dunyadan","category-sosyaldemokrasi","category-sddergi","tag-almanya-secimleri","tag-almanya-sosyal-demokrat-partisi","tag-oscar-lafontaine","tag-sosyal-demokrasi","tag-yeni-merkez","tag-yeni-sol"],"jetpack_publicize_connections":[],"jetpack_featured_media_url":"http:\/\/www.ercankarakas.com\/wp-content\/uploads\/2025\/11\/spd-yenidonem.webp","jetpack_sharing_enabled":true,"_links":{"self":[{"href":"http:\/\/www.ercankarakas.com\/index.php?rest_route=\/wp\/v2\/posts\/923","targetHints":{"allow":["GET"]}}],"collection":[{"href":"http:\/\/www.ercankarakas.com\/index.php?rest_route=\/wp\/v2\/posts"}],"about":[{"href":"http:\/\/www.ercankarakas.com\/index.php?rest_route=\/wp\/v2\/types\/post"}],"author":[{"embeddable":true,"href":"http:\/\/www.ercankarakas.com\/index.php?rest_route=\/wp\/v2\/users\/2"}],"replies":[{"embeddable":true,"href":"http:\/\/www.ercankarakas.com\/index.php?rest_route=%2Fwp%2Fv2%2Fcomments&post=923"}],"version-history":[{"count":2,"href":"http:\/\/www.ercankarakas.com\/index.php?rest_route=\/wp\/v2\/posts\/923\/revisions"}],"predecessor-version":[{"id":926,"href":"http:\/\/www.ercankarakas.com\/index.php?rest_route=\/wp\/v2\/posts\/923\/revisions\/926"}],"wp:featuredmedia":[{"embeddable":true,"href":"http:\/\/www.ercankarakas.com\/index.php?rest_route=\/wp\/v2\/media\/924"}],"wp:attachment":[{"href":"http:\/\/www.ercankarakas.com\/index.php?rest_route=%2Fwp%2Fv2%2Fmedia&parent=923"}],"wp:term":[{"taxonomy":"category","embeddable":true,"href":"http:\/\/www.ercankarakas.com\/index.php?rest_route=%2Fwp%2Fv2%2Fcategories&post=923"},{"taxonomy":"post_tag","embeddable":true,"href":"http:\/\/www.ercankarakas.com\/index.php?rest_route=%2Fwp%2Fv2%2Ftags&post=923"}],"curies":[{"name":"wp","href":"https:\/\/api.w.org\/{rel}","templated":true}]}}